{"id":989865,"date":"2024-06-14T12:19:40","date_gmt":"2024-06-14T15:19:40","guid":{"rendered":"https:\/\/pousadaprado.adv.br\/coletividade-hispano-brasileira-impulsionando-conexoes-globais\/"},"modified":"2024-08-28T10:15:07","modified_gmt":"2024-08-28T13:15:07","slug":"coletividade-hispano-brasileira-impulsionando-conexoes-globais","status":"publish","type":"post","link":"https:\/\/pousadaprado.adv.br\/es\/coletividade-hispano-brasileira-impulsionando-conexoes-globais\/","title":{"rendered":"Colectivo Hispano-Brasile\u00f1o: Impulsando Conexiones Globales"},"content":{"rendered":"\t\t<div data-elementor-type=\"wp-post\" data-elementor-id=\"989865\" class=\"elementor elementor-989865 elementor-989111\" data-elementor-post-type=\"post\">\n\t\t\t\t\t\t<section class=\"elementor-section elementor-top-section elementor-element elementor-element-196383f7 elementor-section-boxed elementor-section-height-default elementor-section-height-default\" data-id=\"196383f7\" data-element_type=\"section\">\n\t\t\t\t\t\t<div class=\"elementor-container elementor-column-gap-no\">\n\t\t\t\t\t<div class=\"elementor-column elementor-col-100 elementor-top-column elementor-element elementor-element-9370cc0\" data-id=\"9370cc0\" data-element_type=\"column\">\n\t\t\t<div class=\"elementor-widget-wrap elementor-element-populated\">\n\t\t\t\t\t\t<div class=\"vamtam-has-theme-widget-styles elementor-element elementor-element-2b6e867b elementor-widget elementor-widget-image\" data-id=\"2b6e867b\" data-element_type=\"widget\" data-widget_type=\"image.default\">\n\t\t\t\t<div class=\"elementor-widget-container\">\n\t\t\t<style>\/*! elementor - v3.20.0 - 20-03-2024 *\/\n.elementor-widget-image{text-align:center}.elementor-widget-image a{display:inline-block}.elementor-widget-image a img[src$=\".svg\"]{width:48px}.elementor-widget-image img{vertical-align:middle;display:inline-block}<\/style>\t\t\t\t<div class=\"elementor-image\">\n\t\t\t\t\t\t\t\t\t\t\t\t\t\t\t\t<figure class=\"wp-caption\">\n\t\t\t\t\t\t\t\t\t\t\t\t\t\t\t\t<img fetchpriority=\"high\" decoding=\"async\" width=\"987\" height=\"558\" src=\"https:\/\/pousadaprado.adv.br\/wp-content\/uploads\/2024\/06\/Pousada-Prado-advogados-n1-v1.jpg\" class=\"attachment-large size-large wp-image-989102\" alt=\"\" srcset=\"https:\/\/pousadaprado.adv.br\/wp-content\/uploads\/2024\/06\/Pousada-Prado-advogados-n1-v1.jpg 987w, https:\/\/pousadaprado.adv.br\/wp-content\/uploads\/2024\/06\/Pousada-Prado-advogados-n1-v1-300x170.jpg 300w, https:\/\/pousadaprado.adv.br\/wp-content\/uploads\/2024\/06\/Pousada-Prado-advogados-n1-v1-768x434.jpg 768w\" sizes=\"(max-width: 987px) 100vw, 987px\" \/>\t\t\t\t\t\t\t\t\t\t\t\t\t\t\t\t\t<figcaption class=\"widget-image-caption wp-caption-text\">De izquierda a derecha, Fernando Rodr\u00edguez Mart\u00ednez, Pablo Montesino-Espartero Velasco, C\u00f3nsul General de Espa\u00f1a en S\u00e3o Paulo y Felipe Pousada Prado<\/figcaption>\n\t\t\t\t\t\t\t\t\t\t\t\t\t\t\t\t<\/figure>\n\t\t\t\t\t\t\t\t\t\t\t\t\t\t<\/div>\n\t\t\t\t\t\t<\/div>\n\t\t\t\t<\/div>\n\t\t\t\t\t<\/div>\n\t\t<\/div>\n\t\t\t\t\t<\/div>\n\t\t<\/section>\n\t\t\t\t<section class=\"elementor-section elementor-top-section elementor-element elementor-element-56be0a26 elementor-section-boxed elementor-section-height-default elementor-section-height-default\" data-id=\"56be0a26\" data-element_type=\"section\">\n\t\t\t\t\t\t<div class=\"elementor-container elementor-column-gap-no\">\n\t\t\t\t\t<div class=\"elementor-column elementor-col-100 elementor-top-column elementor-element elementor-element-5ac35f93\" data-id=\"5ac35f93\" data-element_type=\"column\">\n\t\t\t<div class=\"elementor-widget-wrap elementor-element-populated\">\n\t\t\t\t\t\t<div class=\"elementor-element elementor-element-2e3a475 elementor-widget elementor-widget-text-editor\" data-id=\"2e3a475\" data-element_type=\"widget\" data-widget_type=\"text-editor.default\">\n\t\t\t\t<div class=\"elementor-widget-container\">\n\t\t\t<style>\/*! elementor - v3.20.0 - 20-03-2024 *\/\n.elementor-widget-text-editor.elementor-drop-cap-view-stacked .elementor-drop-cap{background-color:#69727d;color:#fff}.elementor-widget-text-editor.elementor-drop-cap-view-framed .elementor-drop-cap{color:#69727d;border:3px solid;background-color:transparent}.elementor-widget-text-editor:not(.elementor-drop-cap-view-default) .elementor-drop-cap{margin-top:8px}.elementor-widget-text-editor:not(.elementor-drop-cap-view-default) .elementor-drop-cap-letter{width:1em;height:1em}.elementor-widget-text-editor .elementor-drop-cap{float:left;text-align:center;line-height:1;font-size:50px}.elementor-widget-text-editor .elementor-drop-cap-letter{display:inline-block}<\/style>\t\t\t\t<p>La Asamblea Legislativa de S\u00e3o Paulo realiz\u00f3 la 1\u00aa CONSCRE (Reuni\u00f3n del Consejo Parlamentario Estadual de Comunidades de Ra\u00edces y Culturas Extranjeras), destacando la influencia cultural de las diferentes nacionalidades en la integraci\u00f3n con la poblaci\u00f3n de S\u00e3o Paulo.<\/p><p>El evento se centr\u00f3 en profundizar la colaboraci\u00f3n y la representaci\u00f3n de las comunidades de inmigrantes. Los c\u00f3nsules compartieron desaf\u00edos y aportes en \u00e1reas como cultura y econom\u00eda, destacando la necesidad de un mayor apoyo institucional para una mejor integraci\u00f3n de los inmigrantes al Estado.<\/p><p>Felipe, fundador de Pousada Prado Advogados Asociados, fue destacado en el evento y realiz\u00f3 importantes aportes de la comunidad hispano-brasile\u00f1a, destacando la importancia de la integraci\u00f3n y el compromiso comunitario en entornos internacionales y enfatizando c\u00f3mo estas acciones fortalecen los v\u00ednculos culturales y comerciales entre Brasil y Espa\u00f1a.<\/p><p>Consulta m\u00e1s detalles en el sitio web de <a href=\"https:\/\/www.laregioninternacional.com\/articulo\/en-el-mundo\/colectividad-participa\/20240614082349286539.html\" target=\"_blank\" rel=\"noopener\">La Regi\u00f3n Internacional<\/a>.<\/p>\t\t\t\t\t\t<\/div>\n\t\t\t\t<\/div>\n\t\t\t\t\t<\/div>\n\t\t<\/div>\n\t\t\t\t\t<\/div>\n\t\t<\/section>\n\t\t\t\t<\/div>\n\t\t","protected":false},"excerpt":{"rendered":"<p>De izquierda a derecha, Fernando Rodr\u00edguez Mart\u00ednez, Pablo Montesino-Espartero Velasco, C\u00f3nsul General de Espa\u00f1a en S\u00e3o Paulo y Felipe Pousada Prado La Asamblea Legislativa de S\u00e3o Paulo realiz\u00f3 la 1\u00aa CONSCRE (Reuni\u00f3n del Consejo Parlamentario Estadual de Comunidades de Ra\u00edces y Culturas Extranjeras), destacando la influencia cultural de las diferentes nacionalidades en la integraci\u00f3n con&#8230;<\/p>\n","protected":false},"author":1,"featured_media":989535,"comment_status":"open","ping_status":"open","sticky":false,"template":"","format":"standard","meta":{"inline_featured_image":false,"footnotes":""},"categories":[103,101],"tags":[104,105,106,107,108],"class_list":["post-989865","post","type-post","status-publish","format-standard","has-post-thumbnail","hentry","category-insights-es","category-noticias-es","tag-alesp-es","tag-brasil-es","tag-comunidade-espanhola-es","tag-conscre-es","tag-imigrantes-es"],"yoast_head":"<!-- This site is optimized with the Yoast SEO Premium plugin v21.3 (Yoast SEO v22.3) - https:\/\/yoast.com\/wordpress\/plugins\/seo\/ -->\n<title>Colectivo Hispano-Brasile\u00f1o: Impulsando Conexiones Globales - Pousada Prado<\/title>\n<meta name=\"robots\" content=\"index, follow, max-snippet:-1, max-image-preview:large, max-video-preview:-1\" \/>\n<link rel=\"canonical\" href=\"https:\/\/pousadaprado.adv.br\/es\/coletividade-hispano-brasileira-impulsionando-conexoes-globais\/\" \/>\n<meta property=\"og:locale\" content=\"es_ES\" \/>\n<meta property=\"og:type\" content=\"article\" \/>\n<meta property=\"og:title\" content=\"Colectivo Hispano-Brasile\u00f1o: Impulsando Conexiones Globales\" \/>\n<meta property=\"og:description\" content=\"De izquierda a derecha, Fernando Rodr\u00edguez Mart\u00ednez, Pablo Montesino-Espartero Velasco, C\u00f3nsul General de Espa\u00f1a en S\u00e3o Paulo y Felipe Pousada Prado La Asamblea Legislativa de S\u00e3o Paulo realiz\u00f3 la 1\u00aa CONSCRE (Reuni\u00f3n del Consejo Parlamentario Estadual de Comunidades de Ra\u00edces y Culturas Extranjeras), destacando la influencia cultural de las diferentes nacionalidades en la integraci\u00f3n con...\" \/>\n<meta property=\"og:url\" content=\"https:\/\/pousadaprado.adv.br\/es\/coletividade-hispano-brasileira-impulsionando-conexoes-globais\/\" \/>\n<meta property=\"og:site_name\" content=\"Pousada Prado\" \/>\n<meta property=\"article:published_time\" content=\"2024-06-14T15:19:40+00:00\" \/>\n<meta property=\"article:modified_time\" content=\"2024-08-28T13:15:07+00:00\" \/>\n<meta property=\"og:image\" content=\"https:\/\/pousadaprado.adv.br\/wp-content\/uploads\/2024\/06\/Pousada-Prado-advogados-n1-v1.jpg\" \/>\n\t<meta property=\"og:image:width\" content=\"987\" \/>\n\t<meta property=\"og:image:height\" content=\"558\" \/>\n\t<meta property=\"og:image:type\" content=\"image\/jpeg\" \/>\n<meta name=\"author\" content=\"infra\" \/>\n<meta name=\"twitter:card\" content=\"summary_large_image\" \/>\n<meta name=\"twitter:label1\" content=\"Escrito por\" \/>\n\t<meta name=\"twitter:data1\" content=\"infra\" \/>\n\t<meta name=\"twitter:label2\" content=\"Tiempo de lectura\" \/>\n\t<meta name=\"twitter:data2\" content=\"1 minuto\" \/>\n<script type=\"application\/ld+json\" class=\"yoast-schema-graph\">{\"@context\":\"https:\/\/schema.org\",\"@graph\":[{\"@type\":\"Article\",\"@id\":\"https:\/\/pousadaprado.adv.br\/es\/coletividade-hispano-brasileira-impulsionando-conexoes-globais\/#article\",\"isPartOf\":{\"@id\":\"https:\/\/pousadaprado.adv.br\/es\/coletividade-hispano-brasileira-impulsionando-conexoes-globais\/\"},\"author\":{\"name\":\"infra\",\"@id\":\"https:\/\/pousadaprado.adv.br\/#\/schema\/person\/4e8c376865e88b6c41c29af210f06d60\"},\"headline\":\"Colectivo Hispano-Brasile\u00f1o: Impulsando Conexiones Globales\",\"datePublished\":\"2024-06-14T15:19:40+00:00\",\"dateModified\":\"2024-08-28T13:15:07+00:00\",\"mainEntityOfPage\":{\"@id\":\"https:\/\/pousadaprado.adv.br\/es\/coletividade-hispano-brasileira-impulsionando-conexoes-globais\/\"},\"wordCount\":193,\"commentCount\":0,\"publisher\":{\"@id\":\"https:\/\/pousadaprado.adv.br\/#organization\"},\"image\":{\"@id\":\"https:\/\/pousadaprado.adv.br\/es\/coletividade-hispano-brasileira-impulsionando-conexoes-globais\/#primaryimage\"},\"thumbnailUrl\":\"https:\/\/pousadaprado.adv.br\/wp-content\/uploads\/2024\/06\/Pousada-Prado-advogados-n1-v1.jpg\",\"keywords\":[\"ALESP\",\"Brasil\",\"Comunidade espanhola\",\"CONSCRE\",\"Imigrantes\"],\"articleSection\":[\"Insights\",\"Noticias\"],\"inLanguage\":\"es\",\"potentialAction\":[{\"@type\":\"CommentAction\",\"name\":\"Comment\",\"target\":[\"https:\/\/pousadaprado.adv.br\/es\/coletividade-hispano-brasileira-impulsionando-conexoes-globais\/#respond\"]}]},{\"@type\":\"WebPage\",\"@id\":\"https:\/\/pousadaprado.adv.br\/es\/coletividade-hispano-brasileira-impulsionando-conexoes-globais\/\",\"url\":\"https:\/\/pousadaprado.adv.br\/es\/coletividade-hispano-brasileira-impulsionando-conexoes-globais\/\",\"name\":\"Colectivo Hispano-Brasile\u00f1o: Impulsando Conexiones Globales - Pousada Prado\",\"isPartOf\":{\"@id\":\"https:\/\/pousadaprado.adv.br\/#website\"},\"primaryImageOfPage\":{\"@id\":\"https:\/\/pousadaprado.adv.br\/es\/coletividade-hispano-brasileira-impulsionando-conexoes-globais\/#primaryimage\"},\"image\":{\"@id\":\"https:\/\/pousadaprado.adv.br\/es\/coletividade-hispano-brasileira-impulsionando-conexoes-globais\/#primaryimage\"},\"thumbnailUrl\":\"https:\/\/pousadaprado.adv.br\/wp-content\/uploads\/2024\/06\/Pousada-Prado-advogados-n1-v1.jpg\",\"datePublished\":\"2024-06-14T15:19:40+00:00\",\"dateModified\":\"2024-08-28T13:15:07+00:00\",\"breadcrumb\":{\"@id\":\"https:\/\/pousadaprado.adv.br\/es\/coletividade-hispano-brasileira-impulsionando-conexoes-globais\/#breadcrumb\"},\"inLanguage\":\"es\",\"potentialAction\":[{\"@type\":\"ReadAction\",\"target\":[\"https:\/\/pousadaprado.adv.br\/es\/coletividade-hispano-brasileira-impulsionando-conexoes-globais\/\"]}]},{\"@type\":\"ImageObject\",\"inLanguage\":\"es\",\"@id\":\"https:\/\/pousadaprado.adv.br\/es\/coletividade-hispano-brasileira-impulsionando-conexoes-globais\/#primaryimage\",\"url\":\"https:\/\/pousadaprado.adv.br\/wp-content\/uploads\/2024\/06\/Pousada-Prado-advogados-n1-v1.jpg\",\"contentUrl\":\"https:\/\/pousadaprado.adv.br\/wp-content\/uploads\/2024\/06\/Pousada-Prado-advogados-n1-v1.jpg\",\"width\":987,\"height\":558},{\"@type\":\"BreadcrumbList\",\"@id\":\"https:\/\/pousadaprado.adv.br\/es\/coletividade-hispano-brasileira-impulsionando-conexoes-globais\/#breadcrumb\",\"itemListElement\":[{\"@type\":\"ListItem\",\"position\":1,\"name\":\"In\u00edcio\",\"item\":\"https:\/\/pousadaprado.adv.br\/\"},{\"@type\":\"ListItem\",\"position\":2,\"name\":\"Colectivo Hispano-Brasile\u00f1o: Impulsando Conexiones Globales\"}]},{\"@type\":\"WebSite\",\"@id\":\"https:\/\/pousadaprado.adv.br\/#website\",\"url\":\"https:\/\/pousadaprado.adv.br\/\",\"name\":\"Pousada Prado\",\"description\":\"Advogados Associados\",\"publisher\":{\"@id\":\"https:\/\/pousadaprado.adv.br\/#organization\"},\"potentialAction\":[{\"@type\":\"SearchAction\",\"target\":{\"@type\":\"EntryPoint\",\"urlTemplate\":\"https:\/\/pousadaprado.adv.br\/?s={search_term_string}\"},\"query-input\":\"required name=search_term_string\"}],\"inLanguage\":\"es\"},{\"@type\":\"Organization\",\"@id\":\"https:\/\/pousadaprado.adv.br\/#organization\",\"name\":\"Pousada Prado\",\"url\":\"https:\/\/pousadaprado.adv.br\/\",\"logo\":{\"@type\":\"ImageObject\",\"inLanguage\":\"es\",\"@id\":\"https:\/\/pousadaprado.adv.br\/#\/schema\/logo\/image\/\",\"url\":\"https:\/\/pousadaprado.adv.br\/wp-content\/uploads\/2023\/09\/PPAA_logotipo-horizontal-principal.svg\",\"contentUrl\":\"https:\/\/pousadaprado.adv.br\/wp-content\/uploads\/2023\/09\/PPAA_logotipo-horizontal-principal.svg\",\"width\":348,\"height\":52,\"caption\":\"Pousada Prado\"},\"image\":{\"@id\":\"https:\/\/pousadaprado.adv.br\/#\/schema\/logo\/image\/\"},\"sameAs\":[\"https:\/\/linkedin.com\/company\/pousada-benassi-advogados-associados\/about\/\"]},{\"@type\":\"Person\",\"@id\":\"https:\/\/pousadaprado.adv.br\/#\/schema\/person\/4e8c376865e88b6c41c29af210f06d60\",\"name\":\"infra\",\"image\":{\"@type\":\"ImageObject\",\"inLanguage\":\"es\",\"@id\":\"https:\/\/pousadaprado.adv.br\/#\/schema\/person\/image\/\",\"url\":\"https:\/\/secure.gravatar.com\/avatar\/89ca1c60ae2aa52cdef616e2fe5b1702?s=96&d=mm&r=g\",\"contentUrl\":\"https:\/\/secure.gravatar.com\/avatar\/89ca1c60ae2aa52cdef616e2fe5b1702?s=96&d=mm&r=g\",\"caption\":\"infra\"},\"sameAs\":[\"https:\/\/pousadaprado.adv.br\"],\"url\":\"https:\/\/pousadaprado.adv.br\/es\/author\/infra\/\"}]}<\/script>\n<!-- \/ Yoast SEO Premium plugin. -->","yoast_head_json":{"title":"Colectivo Hispano-Brasile\u00f1o: Impulsando Conexiones Globales - Pousada Prado","robots":{"index":"index","follow":"follow","max-snippet":"max-snippet:-1","max-image-preview":"max-image-preview:large","max-video-preview":"max-video-preview:-1"},"canonical":"https:\/\/pousadaprado.adv.br\/es\/coletividade-hispano-brasileira-impulsionando-conexoes-globais\/","og_locale":"es_ES","og_type":"article","og_title":"Colectivo Hispano-Brasile\u00f1o: Impulsando Conexiones Globales","og_description":"De izquierda a derecha, Fernando Rodr\u00edguez Mart\u00ednez, Pablo Montesino-Espartero Velasco, C\u00f3nsul General de Espa\u00f1a en S\u00e3o Paulo y Felipe Pousada Prado La Asamblea Legislativa de S\u00e3o Paulo realiz\u00f3 la 1\u00aa CONSCRE (Reuni\u00f3n del Consejo Parlamentario Estadual de Comunidades de Ra\u00edces y Culturas Extranjeras), destacando la influencia cultural de las diferentes nacionalidades en la integraci\u00f3n con...","og_url":"https:\/\/pousadaprado.adv.br\/es\/coletividade-hispano-brasileira-impulsionando-conexoes-globais\/","og_site_name":"Pousada Prado","article_published_time":"2024-06-14T15:19:40+00:00","article_modified_time":"2024-08-28T13:15:07+00:00","og_image":[{"width":987,"height":558,"url":"https:\/\/pousadaprado.adv.br\/wp-content\/uploads\/2024\/06\/Pousada-Prado-advogados-n1-v1.jpg","type":"image\/jpeg"}],"author":"infra","twitter_card":"summary_large_image","twitter_misc":{"Escrito por":"infra","Tiempo de lectura":"1 minuto"},"schema":{"@context":"https:\/\/schema.org","@graph":[{"@type":"Article","@id":"https:\/\/pousadaprado.adv.br\/es\/coletividade-hispano-brasileira-impulsionando-conexoes-globais\/#article","isPartOf":{"@id":"https:\/\/pousadaprado.adv.br\/es\/coletividade-hispano-brasileira-impulsionando-conexoes-globais\/"},"author":{"name":"infra","@id":"https:\/\/pousadaprado.adv.br\/#\/schema\/person\/4e8c376865e88b6c41c29af210f06d60"},"headline":"Colectivo Hispano-Brasile\u00f1o: Impulsando Conexiones Globales","datePublished":"2024-06-14T15:19:40+00:00","dateModified":"2024-08-28T13:15:07+00:00","mainEntityOfPage":{"@id":"https:\/\/pousadaprado.adv.br\/es\/coletividade-hispano-brasileira-impulsionando-conexoes-globais\/"},"wordCount":193,"commentCount":0,"publisher":{"@id":"https:\/\/pousadaprado.adv.br\/#organization"},"image":{"@id":"https:\/\/pousadaprado.adv.br\/es\/coletividade-hispano-brasileira-impulsionando-conexoes-globais\/#primaryimage"},"thumbnailUrl":"https:\/\/pousadaprado.adv.br\/wp-content\/uploads\/2024\/06\/Pousada-Prado-advogados-n1-v1.jpg","keywords":["ALESP","Brasil","Comunidade espanhola","CONSCRE","Imigrantes"],"articleSection":["Insights","Noticias"],"inLanguage":"es","potentialAction":[{"@type":"CommentAction","name":"Comment","target":["https:\/\/pousadaprado.adv.br\/es\/coletividade-hispano-brasileira-impulsionando-conexoes-globais\/#respond"]}]},{"@type":"WebPage","@id":"https:\/\/pousadaprado.adv.br\/es\/coletividade-hispano-brasileira-impulsionando-conexoes-globais\/","url":"https:\/\/pousadaprado.adv.br\/es\/coletividade-hispano-brasileira-impulsionando-conexoes-globais\/","name":"Colectivo Hispano-Brasile\u00f1o: Impulsando Conexiones Globales - Pousada Prado","isPartOf":{"@id":"https:\/\/pousadaprado.adv.br\/#website"},"primaryImageOfPage":{"@id":"https:\/\/pousadaprado.adv.br\/es\/coletividade-hispano-brasileira-impulsionando-conexoes-globais\/#primaryimage"},"image":{"@id":"https:\/\/pousadaprado.adv.br\/es\/coletividade-hispano-brasileira-impulsionando-conexoes-globais\/#primaryimage"},"thumbnailUrl":"https:\/\/pousadaprado.adv.br\/wp-content\/uploads\/2024\/06\/Pousada-Prado-advogados-n1-v1.jpg","datePublished":"2024-06-14T15:19:40+00:00","dateModified":"2024-08-28T13:15:07+00:00","breadcrumb":{"@id":"https:\/\/pousadaprado.adv.br\/es\/coletividade-hispano-brasileira-impulsionando-conexoes-globais\/#breadcrumb"},"inLanguage":"es","potentialAction":[{"@type":"ReadAction","target":["https:\/\/pousadaprado.adv.br\/es\/coletividade-hispano-brasileira-impulsionando-conexoes-globais\/"]}]},{"@type":"ImageObject","inLanguage":"es","@id":"https:\/\/pousadaprado.adv.br\/es\/coletividade-hispano-brasileira-impulsionando-conexoes-globais\/#primaryimage","url":"https:\/\/pousadaprado.adv.br\/wp-content\/uploads\/2024\/06\/Pousada-Prado-advogados-n1-v1.jpg","contentUrl":"https:\/\/pousadaprado.adv.br\/wp-content\/uploads\/2024\/06\/Pousada-Prado-advogados-n1-v1.jpg","width":987,"height":558},{"@type":"BreadcrumbList","@id":"https:\/\/pousadaprado.adv.br\/es\/coletividade-hispano-brasileira-impulsionando-conexoes-globais\/#breadcrumb","itemListElement":[{"@type":"ListItem","position":1,"name":"In\u00edcio","item":"https:\/\/pousadaprado.adv.br\/"},{"@type":"ListItem","position":2,"name":"Colectivo Hispano-Brasile\u00f1o: Impulsando Conexiones Globales"}]},{"@type":"WebSite","@id":"https:\/\/pousadaprado.adv.br\/#website","url":"https:\/\/pousadaprado.adv.br\/","name":"Pousada Prado","description":"Advogados Associados","publisher":{"@id":"https:\/\/pousadaprado.adv.br\/#organization"},"potentialAction":[{"@type":"SearchAction","target":{"@type":"EntryPoint","urlTemplate":"https:\/\/pousadaprado.adv.br\/?s={search_term_string}"},"query-input":"required name=search_term_string"}],"inLanguage":"es"},{"@type":"Organization","@id":"https:\/\/pousadaprado.adv.br\/#organization","name":"Pousada Prado","url":"https:\/\/pousadaprado.adv.br\/","logo":{"@type":"ImageObject","inLanguage":"es","@id":"https:\/\/pousadaprado.adv.br\/#\/schema\/logo\/image\/","url":"https:\/\/pousadaprado.adv.br\/wp-content\/uploads\/2023\/09\/PPAA_logotipo-horizontal-principal.svg","contentUrl":"https:\/\/pousadaprado.adv.br\/wp-content\/uploads\/2023\/09\/PPAA_logotipo-horizontal-principal.svg","width":348,"height":52,"caption":"Pousada Prado"},"image":{"@id":"https:\/\/pousadaprado.adv.br\/#\/schema\/logo\/image\/"},"sameAs":["https:\/\/linkedin.com\/company\/pousada-benassi-advogados-associados\/about\/"]},{"@type":"Person","@id":"https:\/\/pousadaprado.adv.br\/#\/schema\/person\/4e8c376865e88b6c41c29af210f06d60","name":"infra","image":{"@type":"ImageObject","inLanguage":"es","@id":"https:\/\/pousadaprado.adv.br\/#\/schema\/person\/image\/","url":"https:\/\/secure.gravatar.com\/avatar\/89ca1c60ae2aa52cdef616e2fe5b1702?s=96&d=mm&r=g","contentUrl":"https:\/\/secure.gravatar.com\/avatar\/89ca1c60ae2aa52cdef616e2fe5b1702?s=96&d=mm&r=g","caption":"infra"},"sameAs":["https:\/\/pousadaprado.adv.br"],"url":"https:\/\/pousadaprado.adv.br\/es\/author\/infra\/"}]}},"_links":{"self":[{"href":"https:\/\/pousadaprado.adv.br\/es\/wp-json\/wp\/v2\/posts\/989865"}],"collection":[{"href":"https:\/\/pousadaprado.adv.br\/es\/wp-json\/wp\/v2\/posts"}],"about":[{"href":"https:\/\/pousadaprado.adv.br\/es\/wp-json\/wp\/v2\/types\/post"}],"author":[{"embeddable":true,"href":"https:\/\/pousadaprado.adv.br\/es\/wp-json\/wp\/v2\/users\/1"}],"replies":[{"embeddable":true,"href":"https:\/\/pousadaprado.adv.br\/es\/wp-json\/wp\/v2\/comments?post=989865"}],"version-history":[{"count":3,"href":"https:\/\/pousadaprado.adv.br\/es\/wp-json\/wp\/v2\/posts\/989865\/revisions"}],"predecessor-version":[{"id":989879,"href":"https:\/\/pousadaprado.adv.br\/es\/wp-json\/wp\/v2\/posts\/989865\/revisions\/989879"}],"wp:featuredmedia":[{"embeddable":true,"href":"https:\/\/pousadaprado.adv.br\/es\/wp-json\/wp\/v2\/media\/989535"}],"wp:attachment":[{"href":"https:\/\/pousadaprado.adv.br\/es\/wp-json\/wp\/v2\/media?parent=989865"}],"wp:term":[{"taxonomy":"category","embeddable":true,"href":"https:\/\/pousadaprado.adv.br\/es\/wp-json\/wp\/v2\/categories?post=989865"},{"taxonomy":"post_tag","embeddable":true,"href":"https:\/\/pousadaprado.adv.br\/es\/wp-json\/wp\/v2\/tags?post=989865"}],"curies":[{"name":"wp","href":"https:\/\/api.w.org\/{rel}","templated":true}]}}