{"id":989866,"date":"2024-05-27T12:28:00","date_gmt":"2024-05-27T15:28:00","guid":{"rendered":"https:\/\/pousadaprado.adv.br\/encontro-de-consules-na-assembleia-legislativa-de-sao-paulo\/"},"modified":"2024-08-28T10:17:13","modified_gmt":"2024-08-28T13:17:13","slug":"encontro-de-consules-na-assembleia-legislativa-de-sao-paulo","status":"publish","type":"post","link":"https:\/\/pousadaprado.adv.br\/es\/encontro-de-consules-na-assembleia-legislativa-de-sao-paulo\/","title":{"rendered":"Reuni\u00f3n de c\u00f3nsules en la Asamblea Legislativa de S\u00e3o Paulo"},"content":{"rendered":"\t\t<div data-elementor-type=\"wp-post\" data-elementor-id=\"989866\" class=\"elementor elementor-989866 elementor-989135\" data-elementor-post-type=\"post\">\n\t\t\t\t\t\t<section class=\"elementor-section elementor-top-section elementor-element elementor-element-196383f7 elementor-section-boxed elementor-section-height-default elementor-section-height-default\" data-id=\"196383f7\" data-element_type=\"section\">\n\t\t\t\t\t\t<div class=\"elementor-container elementor-column-gap-no\">\n\t\t\t\t\t<div class=\"elementor-column elementor-col-100 elementor-top-column elementor-element elementor-element-9370cc0\" data-id=\"9370cc0\" data-element_type=\"column\">\n\t\t\t<div class=\"elementor-widget-wrap elementor-element-populated\">\n\t\t\t\t\t\t<div class=\"vamtam-has-theme-widget-styles elementor-element elementor-element-2b6e867b elementor-widget elementor-widget-image\" data-id=\"2b6e867b\" data-element_type=\"widget\" data-widget_type=\"image.default\">\n\t\t\t\t<div class=\"elementor-widget-container\">\n\t\t\t<style>\/*! elementor - v3.20.0 - 20-03-2024 *\/\n.elementor-widget-image{text-align:center}.elementor-widget-image a{display:inline-block}.elementor-widget-image a img[src$=\".svg\"]{width:48px}.elementor-widget-image img{vertical-align:middle;display:inline-block}<\/style>\t\t\t\t<div class=\"elementor-image\">\n\t\t\t\t\t\t\t\t\t\t\t\t\t\t\t\t<figure class=\"wp-caption\">\n\t\t\t\t\t\t\t\t\t\t\t\t\t\t\t\t<img fetchpriority=\"high\" decoding=\"async\" width=\"1024\" height=\"683\" src=\"https:\/\/pousadaprado.adv.br\/wp-content\/uploads\/2024\/07\/Pousada-Prado-advogados-CONSCRE-n3-1024x683.jpg\" class=\"attachment-large size-large wp-image-989137\" alt=\"\" srcset=\"https:\/\/pousadaprado.adv.br\/wp-content\/uploads\/2024\/07\/Pousada-Prado-advogados-CONSCRE-n3-1024x683.jpg 1024w, https:\/\/pousadaprado.adv.br\/wp-content\/uploads\/2024\/07\/Pousada-Prado-advogados-CONSCRE-n3-300x200.jpg 300w, https:\/\/pousadaprado.adv.br\/wp-content\/uploads\/2024\/07\/Pousada-Prado-advogados-CONSCRE-n3-768x512.jpg 768w, https:\/\/pousadaprado.adv.br\/wp-content\/uploads\/2024\/07\/Pousada-Prado-advogados-CONSCRE-n3-1536x1024.jpg 1536w, https:\/\/pousadaprado.adv.br\/wp-content\/uploads\/2024\/07\/Pousada-Prado-advogados-CONSCRE-n3.jpg 2048w\" sizes=\"(max-width: 1024px) 100vw, 1024px\" \/>\t\t\t\t\t\t\t\t\t\t\t\t\t\t\t\t\t<figcaption class=\"widget-image-caption wp-caption-text\">Felipe Pousada Prado en CONSCRE<\/figcaption>\n\t\t\t\t\t\t\t\t\t\t\t\t\t\t\t\t<\/figure>\n\t\t\t\t\t\t\t\t\t\t\t\t\t\t<\/div>\n\t\t\t\t\t\t<\/div>\n\t\t\t\t<\/div>\n\t\t\t\t\t<\/div>\n\t\t<\/div>\n\t\t\t\t\t<\/div>\n\t\t<\/section>\n\t\t\t\t<section class=\"elementor-section elementor-top-section elementor-element elementor-element-56be0a26 elementor-section-boxed elementor-section-height-default elementor-section-height-default\" data-id=\"56be0a26\" data-element_type=\"section\">\n\t\t\t\t\t\t<div class=\"elementor-container elementor-column-gap-no\">\n\t\t\t\t\t<div class=\"elementor-column elementor-col-100 elementor-top-column elementor-element elementor-element-5ac35f93\" data-id=\"5ac35f93\" data-element_type=\"column\">\n\t\t\t<div class=\"elementor-widget-wrap elementor-element-populated\">\n\t\t\t\t\t\t<div class=\"elementor-element elementor-element-2e3a475 elementor-widget elementor-widget-text-editor\" data-id=\"2e3a475\" data-element_type=\"widget\" data-widget_type=\"text-editor.default\">\n\t\t\t\t<div class=\"elementor-widget-container\">\n\t\t\t<style>\/*! elementor - v3.20.0 - 20-03-2024 *\/\n.elementor-widget-text-editor.elementor-drop-cap-view-stacked .elementor-drop-cap{background-color:#69727d;color:#fff}.elementor-widget-text-editor.elementor-drop-cap-view-framed .elementor-drop-cap{color:#69727d;border:3px solid;background-color:transparent}.elementor-widget-text-editor:not(.elementor-drop-cap-view-default) .elementor-drop-cap{margin-top:8px}.elementor-widget-text-editor:not(.elementor-drop-cap-view-default) .elementor-drop-cap-letter{width:1em;height:1em}.elementor-widget-text-editor .elementor-drop-cap{float:left;text-align:center;line-height:1;font-size:50px}.elementor-widget-text-editor .elementor-drop-cap-letter{display:inline-block}<\/style>\t\t\t\t<p>La Asamblea Legislativa de S\u00e3o Paulo promovi\u00f3 la I Reuni\u00f3n del Consejo Parlamentario Estadual de Comunidades de Ra\u00edces y Culturas Extranjeras (CONSCRE), reuniendo a c\u00f3nsules de diversas nacionalidades para discutir la influencia de sus culturas en la integraci\u00f3n con la poblaci\u00f3n de S\u00e3o Paulo. La iniciativa, apoyada por el diputado Delegado Olim, tiene como objetivo profundizar la colaboraci\u00f3n entre las comunidades de inmigrantes y el gobierno estatal, fortaleciendo la representaci\u00f3n y el apoyo a los ciudadanos de diferentes or\u00edgenes.<\/p><p>Durante el evento, los participantes compartieron experiencias y desaf\u00edos que enfrentan las comunidades de inmigrantes, destacando contribuciones significativas en \u00e1reas como la cultura, la educaci\u00f3n y la econom\u00eda. Representantes de varias comunidades expresaron la necesidad de un mayor apoyo institucional para ampliar sus actividades y mejorar la integraci\u00f3n de los inmigrantes en el estado. Este encuentro destaca la importancia de la diversidad y el intercambio cultural para la sociedad paulista.<\/p><p>En representaci\u00f3n de la comunidad espa\u00f1ola, Felipe Pousada Prado destac\u00f3 la importancia de ampliar la visibilidad y fortalecer los v\u00ednculos culturales a trav\u00e9s de actividades impulsadas por la embajada de Espa\u00f1a. Este encuentro, que reuni\u00f3 a c\u00f3nsules de diferentes nacionalidades, busc\u00f3 debatir y fortalecer la integraci\u00f3n de las comunidades de inmigrantes con la poblaci\u00f3n de S\u00e3o Paulo, enfatizando la rica contribuci\u00f3n cultural y econ\u00f3mica de los inmigrantes al estado.<\/p><p>Mira la reuni\u00f3n completa en el siguiente v\u00eddeo:<\/p><p><iframe title=\"YouTube video player\" src=\"https:\/\/www.youtube.com\/embed\/-uRMDd4yAYQ?si=WutrxehRThSNaz-m\" width=\"560\" height=\"500\" frameborder=\"0\" allowfullscreen=\"allowfullscreen\"><\/iframe><\/p><p>M\u00e1s informaci\u00f3n <a href=\"https:\/\/www.al.sp.gov.br\/noticia\/?27\/05\/2024\/alesp-promove--1--encontro-do-conselho-de-comunidades-de-raizes-e-culturas-estrangeiras-\" target=\"_blank\" rel=\"noopener\">ALESP sitio web<\/a>.<\/p>\t\t\t\t\t\t<\/div>\n\t\t\t\t<\/div>\n\t\t\t\t\t<\/div>\n\t\t<\/div>\n\t\t\t\t\t<\/div>\n\t\t<\/section>\n\t\t\t\t<\/div>\n\t\t","protected":false},"excerpt":{"rendered":"<p>Felipe Pousada Prado en CONSCRE La Asamblea Legislativa de S\u00e3o Paulo promovi\u00f3 la I Reuni\u00f3n del Consejo Parlamentario Estadual de Comunidades de Ra\u00edces y Culturas Extranjeras (CONSCRE), reuniendo a c\u00f3nsules de diversas nacionalidades para discutir la influencia de sus culturas en la integraci\u00f3n con la poblaci\u00f3n de S\u00e3o Paulo. La iniciativa, apoyada por el diputado&#8230;<\/p>\n","protected":false},"author":1,"featured_media":989537,"comment_status":"open","ping_status":"open","sticky":false,"template":"","format":"standard","meta":{"inline_featured_image":false,"footnotes":""},"categories":[103,101],"tags":[],"class_list":["post-989866","post","type-post","status-publish","format-standard","has-post-thumbnail","hentry","category-insights-es","category-noticias-es"],"yoast_head":"<!-- This site is optimized with the Yoast SEO Premium plugin v21.3 (Yoast SEO v22.3) - https:\/\/yoast.com\/wordpress\/plugins\/seo\/ -->\n<title>Reuni\u00f3n de c\u00f3nsules en la Asamblea Legislativa de S\u00e3o Paulo - Pousada Prado<\/title>\n<meta name=\"robots\" content=\"index, follow, max-snippet:-1, max-image-preview:large, max-video-preview:-1\" \/>\n<link rel=\"canonical\" href=\"https:\/\/pousadaprado.adv.br\/es\/encontro-de-consules-na-assembleia-legislativa-de-sao-paulo\/\" \/>\n<meta property=\"og:locale\" content=\"es_ES\" \/>\n<meta property=\"og:type\" content=\"article\" \/>\n<meta property=\"og:title\" content=\"Reuni\u00f3n de c\u00f3nsules en la Asamblea Legislativa de S\u00e3o Paulo\" \/>\n<meta property=\"og:description\" content=\"Felipe Pousada Prado en CONSCRE La Asamblea Legislativa de S\u00e3o Paulo promovi\u00f3 la I Reuni\u00f3n del Consejo Parlamentario Estadual de Comunidades de Ra\u00edces y Culturas Extranjeras (CONSCRE), reuniendo a c\u00f3nsules de diversas nacionalidades para discutir la influencia de sus culturas en la integraci\u00f3n con la poblaci\u00f3n de S\u00e3o Paulo. La iniciativa, apoyada por el diputado...\" \/>\n<meta property=\"og:url\" content=\"https:\/\/pousadaprado.adv.br\/es\/encontro-de-consules-na-assembleia-legislativa-de-sao-paulo\/\" \/>\n<meta property=\"og:site_name\" content=\"Pousada Prado\" \/>\n<meta property=\"article:published_time\" content=\"2024-05-27T15:28:00+00:00\" \/>\n<meta property=\"article:modified_time\" content=\"2024-08-28T13:17:13+00:00\" \/>\n<meta property=\"og:image\" content=\"https:\/\/pousadaprado.adv.br\/wp-content\/uploads\/2024\/07\/Pousada-Prado-advogados-CONSCRE-n3.jpg\" \/>\n\t<meta property=\"og:image:width\" content=\"2048\" \/>\n\t<meta property=\"og:image:height\" content=\"1365\" \/>\n\t<meta property=\"og:image:type\" content=\"image\/jpeg\" \/>\n<meta name=\"author\" content=\"infra\" \/>\n<meta name=\"twitter:card\" content=\"summary_large_image\" \/>\n<meta name=\"twitter:label1\" content=\"Escrito por\" \/>\n\t<meta name=\"twitter:data1\" content=\"infra\" \/>\n\t<meta name=\"twitter:label2\" content=\"Tiempo de lectura\" \/>\n\t<meta name=\"twitter:data2\" content=\"2 minutos\" \/>\n<script type=\"application\/ld+json\" class=\"yoast-schema-graph\">{\"@context\":\"https:\/\/schema.org\",\"@graph\":[{\"@type\":\"Article\",\"@id\":\"https:\/\/pousadaprado.adv.br\/es\/encontro-de-consules-na-assembleia-legislativa-de-sao-paulo\/#article\",\"isPartOf\":{\"@id\":\"https:\/\/pousadaprado.adv.br\/es\/encontro-de-consules-na-assembleia-legislativa-de-sao-paulo\/\"},\"author\":{\"name\":\"infra\",\"@id\":\"https:\/\/pousadaprado.adv.br\/#\/schema\/person\/4e8c376865e88b6c41c29af210f06d60\"},\"headline\":\"Reuni\u00f3n de c\u00f3nsules en la Asamblea Legislativa de S\u00e3o Paulo\",\"datePublished\":\"2024-05-27T15:28:00+00:00\",\"dateModified\":\"2024-08-28T13:17:13+00:00\",\"mainEntityOfPage\":{\"@id\":\"https:\/\/pousadaprado.adv.br\/es\/encontro-de-consules-na-assembleia-legislativa-de-sao-paulo\/\"},\"wordCount\":278,\"commentCount\":0,\"publisher\":{\"@id\":\"https:\/\/pousadaprado.adv.br\/#organization\"},\"image\":{\"@id\":\"https:\/\/pousadaprado.adv.br\/es\/encontro-de-consules-na-assembleia-legislativa-de-sao-paulo\/#primaryimage\"},\"thumbnailUrl\":\"https:\/\/pousadaprado.adv.br\/wp-content\/uploads\/2024\/07\/Pousada-Prado-advogados-CONSCRE-n3.jpg\",\"articleSection\":[\"Insights\",\"Noticias\"],\"inLanguage\":\"es\",\"potentialAction\":[{\"@type\":\"CommentAction\",\"name\":\"Comment\",\"target\":[\"https:\/\/pousadaprado.adv.br\/es\/encontro-de-consules-na-assembleia-legislativa-de-sao-paulo\/#respond\"]}]},{\"@type\":\"WebPage\",\"@id\":\"https:\/\/pousadaprado.adv.br\/es\/encontro-de-consules-na-assembleia-legislativa-de-sao-paulo\/\",\"url\":\"https:\/\/pousadaprado.adv.br\/es\/encontro-de-consules-na-assembleia-legislativa-de-sao-paulo\/\",\"name\":\"Reuni\u00f3n de c\u00f3nsules en la Asamblea Legislativa de S\u00e3o Paulo - Pousada Prado\",\"isPartOf\":{\"@id\":\"https:\/\/pousadaprado.adv.br\/#website\"},\"primaryImageOfPage\":{\"@id\":\"https:\/\/pousadaprado.adv.br\/es\/encontro-de-consules-na-assembleia-legislativa-de-sao-paulo\/#primaryimage\"},\"image\":{\"@id\":\"https:\/\/pousadaprado.adv.br\/es\/encontro-de-consules-na-assembleia-legislativa-de-sao-paulo\/#primaryimage\"},\"thumbnailUrl\":\"https:\/\/pousadaprado.adv.br\/wp-content\/uploads\/2024\/07\/Pousada-Prado-advogados-CONSCRE-n3.jpg\",\"datePublished\":\"2024-05-27T15:28:00+00:00\",\"dateModified\":\"2024-08-28T13:17:13+00:00\",\"breadcrumb\":{\"@id\":\"https:\/\/pousadaprado.adv.br\/es\/encontro-de-consules-na-assembleia-legislativa-de-sao-paulo\/#breadcrumb\"},\"inLanguage\":\"es\",\"potentialAction\":[{\"@type\":\"ReadAction\",\"target\":[\"https:\/\/pousadaprado.adv.br\/es\/encontro-de-consules-na-assembleia-legislativa-de-sao-paulo\/\"]}]},{\"@type\":\"ImageObject\",\"inLanguage\":\"es\",\"@id\":\"https:\/\/pousadaprado.adv.br\/es\/encontro-de-consules-na-assembleia-legislativa-de-sao-paulo\/#primaryimage\",\"url\":\"https:\/\/pousadaprado.adv.br\/wp-content\/uploads\/2024\/07\/Pousada-Prado-advogados-CONSCRE-n3.jpg\",\"contentUrl\":\"https:\/\/pousadaprado.adv.br\/wp-content\/uploads\/2024\/07\/Pousada-Prado-advogados-CONSCRE-n3.jpg\",\"width\":2048,\"height\":1365},{\"@type\":\"BreadcrumbList\",\"@id\":\"https:\/\/pousadaprado.adv.br\/es\/encontro-de-consules-na-assembleia-legislativa-de-sao-paulo\/#breadcrumb\",\"itemListElement\":[{\"@type\":\"ListItem\",\"position\":1,\"name\":\"In\u00edcio\",\"item\":\"https:\/\/pousadaprado.adv.br\/\"},{\"@type\":\"ListItem\",\"position\":2,\"name\":\"Reuni\u00f3n de c\u00f3nsules en la Asamblea Legislativa de S\u00e3o Paulo\"}]},{\"@type\":\"WebSite\",\"@id\":\"https:\/\/pousadaprado.adv.br\/#website\",\"url\":\"https:\/\/pousadaprado.adv.br\/\",\"name\":\"Pousada Prado\",\"description\":\"Advogados Associados\",\"publisher\":{\"@id\":\"https:\/\/pousadaprado.adv.br\/#organization\"},\"potentialAction\":[{\"@type\":\"SearchAction\",\"target\":{\"@type\":\"EntryPoint\",\"urlTemplate\":\"https:\/\/pousadaprado.adv.br\/?s={search_term_string}\"},\"query-input\":\"required name=search_term_string\"}],\"inLanguage\":\"es\"},{\"@type\":\"Organization\",\"@id\":\"https:\/\/pousadaprado.adv.br\/#organization\",\"name\":\"Pousada Prado\",\"url\":\"https:\/\/pousadaprado.adv.br\/\",\"logo\":{\"@type\":\"ImageObject\",\"inLanguage\":\"es\",\"@id\":\"https:\/\/pousadaprado.adv.br\/#\/schema\/logo\/image\/\",\"url\":\"https:\/\/pousadaprado.adv.br\/wp-content\/uploads\/2023\/09\/PPAA_logotipo-horizontal-principal.svg\",\"contentUrl\":\"https:\/\/pousadaprado.adv.br\/wp-content\/uploads\/2023\/09\/PPAA_logotipo-horizontal-principal.svg\",\"width\":348,\"height\":52,\"caption\":\"Pousada Prado\"},\"image\":{\"@id\":\"https:\/\/pousadaprado.adv.br\/#\/schema\/logo\/image\/\"},\"sameAs\":[\"https:\/\/linkedin.com\/company\/pousada-benassi-advogados-associados\/about\/\"]},{\"@type\":\"Person\",\"@id\":\"https:\/\/pousadaprado.adv.br\/#\/schema\/person\/4e8c376865e88b6c41c29af210f06d60\",\"name\":\"infra\",\"image\":{\"@type\":\"ImageObject\",\"inLanguage\":\"es\",\"@id\":\"https:\/\/pousadaprado.adv.br\/#\/schema\/person\/image\/\",\"url\":\"https:\/\/secure.gravatar.com\/avatar\/89ca1c60ae2aa52cdef616e2fe5b1702?s=96&d=mm&r=g\",\"contentUrl\":\"https:\/\/secure.gravatar.com\/avatar\/89ca1c60ae2aa52cdef616e2fe5b1702?s=96&d=mm&r=g\",\"caption\":\"infra\"},\"sameAs\":[\"https:\/\/pousadaprado.adv.br\"],\"url\":\"https:\/\/pousadaprado.adv.br\/es\/author\/infra\/\"}]}<\/script>\n<!-- \/ Yoast SEO Premium plugin. -->","yoast_head_json":{"title":"Reuni\u00f3n de c\u00f3nsules en la Asamblea Legislativa de S\u00e3o Paulo - Pousada Prado","robots":{"index":"index","follow":"follow","max-snippet":"max-snippet:-1","max-image-preview":"max-image-preview:large","max-video-preview":"max-video-preview:-1"},"canonical":"https:\/\/pousadaprado.adv.br\/es\/encontro-de-consules-na-assembleia-legislativa-de-sao-paulo\/","og_locale":"es_ES","og_type":"article","og_title":"Reuni\u00f3n de c\u00f3nsules en la Asamblea Legislativa de S\u00e3o Paulo","og_description":"Felipe Pousada Prado en CONSCRE La Asamblea Legislativa de S\u00e3o Paulo promovi\u00f3 la I Reuni\u00f3n del Consejo Parlamentario Estadual de Comunidades de Ra\u00edces y Culturas Extranjeras (CONSCRE), reuniendo a c\u00f3nsules de diversas nacionalidades para discutir la influencia de sus culturas en la integraci\u00f3n con la poblaci\u00f3n de S\u00e3o Paulo. La iniciativa, apoyada por el diputado...","og_url":"https:\/\/pousadaprado.adv.br\/es\/encontro-de-consules-na-assembleia-legislativa-de-sao-paulo\/","og_site_name":"Pousada Prado","article_published_time":"2024-05-27T15:28:00+00:00","article_modified_time":"2024-08-28T13:17:13+00:00","og_image":[{"width":2048,"height":1365,"url":"https:\/\/pousadaprado.adv.br\/wp-content\/uploads\/2024\/07\/Pousada-Prado-advogados-CONSCRE-n3.jpg","type":"image\/jpeg"}],"author":"infra","twitter_card":"summary_large_image","twitter_misc":{"Escrito por":"infra","Tiempo de lectura":"2 minutos"},"schema":{"@context":"https:\/\/schema.org","@graph":[{"@type":"Article","@id":"https:\/\/pousadaprado.adv.br\/es\/encontro-de-consules-na-assembleia-legislativa-de-sao-paulo\/#article","isPartOf":{"@id":"https:\/\/pousadaprado.adv.br\/es\/encontro-de-consules-na-assembleia-legislativa-de-sao-paulo\/"},"author":{"name":"infra","@id":"https:\/\/pousadaprado.adv.br\/#\/schema\/person\/4e8c376865e88b6c41c29af210f06d60"},"headline":"Reuni\u00f3n de c\u00f3nsules en la Asamblea Legislativa de S\u00e3o Paulo","datePublished":"2024-05-27T15:28:00+00:00","dateModified":"2024-08-28T13:17:13+00:00","mainEntityOfPage":{"@id":"https:\/\/pousadaprado.adv.br\/es\/encontro-de-consules-na-assembleia-legislativa-de-sao-paulo\/"},"wordCount":278,"commentCount":0,"publisher":{"@id":"https:\/\/pousadaprado.adv.br\/#organization"},"image":{"@id":"https:\/\/pousadaprado.adv.br\/es\/encontro-de-consules-na-assembleia-legislativa-de-sao-paulo\/#primaryimage"},"thumbnailUrl":"https:\/\/pousadaprado.adv.br\/wp-content\/uploads\/2024\/07\/Pousada-Prado-advogados-CONSCRE-n3.jpg","articleSection":["Insights","Noticias"],"inLanguage":"es","potentialAction":[{"@type":"CommentAction","name":"Comment","target":["https:\/\/pousadaprado.adv.br\/es\/encontro-de-consules-na-assembleia-legislativa-de-sao-paulo\/#respond"]}]},{"@type":"WebPage","@id":"https:\/\/pousadaprado.adv.br\/es\/encontro-de-consules-na-assembleia-legislativa-de-sao-paulo\/","url":"https:\/\/pousadaprado.adv.br\/es\/encontro-de-consules-na-assembleia-legislativa-de-sao-paulo\/","name":"Reuni\u00f3n de c\u00f3nsules en la Asamblea Legislativa de S\u00e3o Paulo - Pousada Prado","isPartOf":{"@id":"https:\/\/pousadaprado.adv.br\/#website"},"primaryImageOfPage":{"@id":"https:\/\/pousadaprado.adv.br\/es\/encontro-de-consules-na-assembleia-legislativa-de-sao-paulo\/#primaryimage"},"image":{"@id":"https:\/\/pousadaprado.adv.br\/es\/encontro-de-consules-na-assembleia-legislativa-de-sao-paulo\/#primaryimage"},"thumbnailUrl":"https:\/\/pousadaprado.adv.br\/wp-content\/uploads\/2024\/07\/Pousada-Prado-advogados-CONSCRE-n3.jpg","datePublished":"2024-05-27T15:28:00+00:00","dateModified":"2024-08-28T13:17:13+00:00","breadcrumb":{"@id":"https:\/\/pousadaprado.adv.br\/es\/encontro-de-consules-na-assembleia-legislativa-de-sao-paulo\/#breadcrumb"},"inLanguage":"es","potentialAction":[{"@type":"ReadAction","target":["https:\/\/pousadaprado.adv.br\/es\/encontro-de-consules-na-assembleia-legislativa-de-sao-paulo\/"]}]},{"@type":"ImageObject","inLanguage":"es","@id":"https:\/\/pousadaprado.adv.br\/es\/encontro-de-consules-na-assembleia-legislativa-de-sao-paulo\/#primaryimage","url":"https:\/\/pousadaprado.adv.br\/wp-content\/uploads\/2024\/07\/Pousada-Prado-advogados-CONSCRE-n3.jpg","contentUrl":"https:\/\/pousadaprado.adv.br\/wp-content\/uploads\/2024\/07\/Pousada-Prado-advogados-CONSCRE-n3.jpg","width":2048,"height":1365},{"@type":"BreadcrumbList","@id":"https:\/\/pousadaprado.adv.br\/es\/encontro-de-consules-na-assembleia-legislativa-de-sao-paulo\/#breadcrumb","itemListElement":[{"@type":"ListItem","position":1,"name":"In\u00edcio","item":"https:\/\/pousadaprado.adv.br\/"},{"@type":"ListItem","position":2,"name":"Reuni\u00f3n de c\u00f3nsules en la Asamblea Legislativa de S\u00e3o Paulo"}]},{"@type":"WebSite","@id":"https:\/\/pousadaprado.adv.br\/#website","url":"https:\/\/pousadaprado.adv.br\/","name":"Pousada Prado","description":"Advogados Associados","publisher":{"@id":"https:\/\/pousadaprado.adv.br\/#organization"},"potentialAction":[{"@type":"SearchAction","target":{"@type":"EntryPoint","urlTemplate":"https:\/\/pousadaprado.adv.br\/?s={search_term_string}"},"query-input":"required name=search_term_string"}],"inLanguage":"es"},{"@type":"Organization","@id":"https:\/\/pousadaprado.adv.br\/#organization","name":"Pousada Prado","url":"https:\/\/pousadaprado.adv.br\/","logo":{"@type":"ImageObject","inLanguage":"es","@id":"https:\/\/pousadaprado.adv.br\/#\/schema\/logo\/image\/","url":"https:\/\/pousadaprado.adv.br\/wp-content\/uploads\/2023\/09\/PPAA_logotipo-horizontal-principal.svg","contentUrl":"https:\/\/pousadaprado.adv.br\/wp-content\/uploads\/2023\/09\/PPAA_logotipo-horizontal-principal.svg","width":348,"height":52,"caption":"Pousada Prado"},"image":{"@id":"https:\/\/pousadaprado.adv.br\/#\/schema\/logo\/image\/"},"sameAs":["https:\/\/linkedin.com\/company\/pousada-benassi-advogados-associados\/about\/"]},{"@type":"Person","@id":"https:\/\/pousadaprado.adv.br\/#\/schema\/person\/4e8c376865e88b6c41c29af210f06d60","name":"infra","image":{"@type":"ImageObject","inLanguage":"es","@id":"https:\/\/pousadaprado.adv.br\/#\/schema\/person\/image\/","url":"https:\/\/secure.gravatar.com\/avatar\/89ca1c60ae2aa52cdef616e2fe5b1702?s=96&d=mm&r=g","contentUrl":"https:\/\/secure.gravatar.com\/avatar\/89ca1c60ae2aa52cdef616e2fe5b1702?s=96&d=mm&r=g","caption":"infra"},"sameAs":["https:\/\/pousadaprado.adv.br"],"url":"https:\/\/pousadaprado.adv.br\/es\/author\/infra\/"}]}},"_links":{"self":[{"href":"https:\/\/pousadaprado.adv.br\/es\/wp-json\/wp\/v2\/posts\/989866"}],"collection":[{"href":"https:\/\/pousadaprado.adv.br\/es\/wp-json\/wp\/v2\/posts"}],"about":[{"href":"https:\/\/pousadaprado.adv.br\/es\/wp-json\/wp\/v2\/types\/post"}],"author":[{"embeddable":true,"href":"https:\/\/pousadaprado.adv.br\/es\/wp-json\/wp\/v2\/users\/1"}],"replies":[{"embeddable":true,"href":"https:\/\/pousadaprado.adv.br\/es\/wp-json\/wp\/v2\/comments?post=989866"}],"version-history":[{"count":3,"href":"https:\/\/pousadaprado.adv.br\/es\/wp-json\/wp\/v2\/posts\/989866\/revisions"}],"predecessor-version":[{"id":989882,"href":"https:\/\/pousadaprado.adv.br\/es\/wp-json\/wp\/v2\/posts\/989866\/revisions\/989882"}],"wp:featuredmedia":[{"embeddable":true,"href":"https:\/\/pousadaprado.adv.br\/es\/wp-json\/wp\/v2\/media\/989537"}],"wp:attachment":[{"href":"https:\/\/pousadaprado.adv.br\/es\/wp-json\/wp\/v2\/media?parent=989866"}],"wp:term":[{"taxonomy":"category","embeddable":true,"href":"https:\/\/pousadaprado.adv.br\/es\/wp-json\/wp\/v2\/categories?post=989866"},{"taxonomy":"post_tag","embeddable":true,"href":"https:\/\/pousadaprado.adv.br\/es\/wp-json\/wp\/v2\/tags?post=989866"}],"curies":[{"name":"wp","href":"https:\/\/api.w.org\/{rel}","templated":true}]}}