{"id":989867,"date":"2024-05-23T12:23:58","date_gmt":"2024-05-23T15:23:58","guid":{"rendered":"https:\/\/pousadaprado.adv.br\/revitalizando-a-marca-espanha-colaboracao-estrategica-no-brasil\/"},"modified":"2024-08-28T10:18:26","modified_gmt":"2024-08-28T13:18:26","slug":"revitalizando-a-marca-espanha-colaboracao-estrategica-no-brasil","status":"publish","type":"post","link":"https:\/\/pousadaprado.adv.br\/es\/revitalizando-a-marca-espanha-colaboracao-estrategica-no-brasil\/","title":{"rendered":"Revitalizando la Marca Espa\u00f1a: Colaboraci\u00f3n Estrat\u00e9gica en Brasil"},"content":{"rendered":"\t\t<div data-elementor-type=\"wp-post\" data-elementor-id=\"989867\" class=\"elementor elementor-989867 elementor-989125\" data-elementor-post-type=\"post\">\n\t\t\t\t\t\t<section class=\"elementor-section elementor-top-section elementor-element elementor-element-196383f7 elementor-section-boxed elementor-section-height-default elementor-section-height-default\" data-id=\"196383f7\" data-element_type=\"section\">\n\t\t\t\t\t\t<div class=\"elementor-container elementor-column-gap-no\">\n\t\t\t\t\t<div class=\"elementor-column elementor-col-100 elementor-top-column elementor-element elementor-element-9370cc0\" data-id=\"9370cc0\" data-element_type=\"column\">\n\t\t\t<div class=\"elementor-widget-wrap elementor-element-populated\">\n\t\t\t\t\t\t<div class=\"vamtam-has-theme-widget-styles elementor-element elementor-element-2b6e867b elementor-widget elementor-widget-image\" data-id=\"2b6e867b\" data-element_type=\"widget\" data-widget_type=\"image.default\">\n\t\t\t\t<div class=\"elementor-widget-container\">\n\t\t\t<style>\/*! elementor - v3.20.0 - 20-03-2024 *\/\n.elementor-widget-image{text-align:center}.elementor-widget-image a{display:inline-block}.elementor-widget-image a img[src$=\".svg\"]{width:48px}.elementor-widget-image img{vertical-align:middle;display:inline-block}<\/style>\t\t\t\t<div class=\"elementor-image\">\n\t\t\t\t\t\t\t\t\t\t\t\t\t\t\t\t<figure class=\"wp-caption\">\n\t\t\t\t\t\t\t\t\t\t\t\t\t\t\t\t<img fetchpriority=\"high\" decoding=\"async\" width=\"1024\" height=\"683\" src=\"https:\/\/pousadaprado.adv.br\/wp-content\/uploads\/2024\/05\/Felipe-pousada-prado-advogados-espanha-brasil-1024x683.jpg\" class=\"attachment-large size-large wp-image-989171\" alt=\"PPVA - Bandeira da Espanha\" srcset=\"https:\/\/pousadaprado.adv.br\/wp-content\/uploads\/2024\/05\/Felipe-pousada-prado-advogados-espanha-brasil-1024x683.jpg 1024w, https:\/\/pousadaprado.adv.br\/wp-content\/uploads\/2024\/05\/Felipe-pousada-prado-advogados-espanha-brasil-300x200.jpg 300w, https:\/\/pousadaprado.adv.br\/wp-content\/uploads\/2024\/05\/Felipe-pousada-prado-advogados-espanha-brasil-768x512.jpg 768w, https:\/\/pousadaprado.adv.br\/wp-content\/uploads\/2024\/05\/Felipe-pousada-prado-advogados-espanha-brasil.jpg 1140w\" sizes=\"(max-width: 1024px) 100vw, 1024px\" \/>\t\t\t\t\t\t\t\t\t\t\t\t\t\t\t\t\t<figcaption class=\"widget-image-caption wp-caption-text\">Colaboraci\u00f3n Brasil y Espa\u00f1a<\/figcaption>\n\t\t\t\t\t\t\t\t\t\t\t\t\t\t\t\t<\/figure>\n\t\t\t\t\t\t\t\t\t\t\t\t\t\t<\/div>\n\t\t\t\t\t\t<\/div>\n\t\t\t\t<\/div>\n\t\t\t\t\t<\/div>\n\t\t<\/div>\n\t\t\t\t\t<\/div>\n\t\t<\/section>\n\t\t\t\t<section class=\"elementor-section elementor-top-section elementor-element elementor-element-56be0a26 elementor-section-boxed elementor-section-height-default elementor-section-height-default\" data-id=\"56be0a26\" data-element_type=\"section\">\n\t\t\t\t\t\t<div class=\"elementor-container elementor-column-gap-no\">\n\t\t\t\t\t<div class=\"elementor-column elementor-col-100 elementor-top-column elementor-element elementor-element-5ac35f93\" data-id=\"5ac35f93\" data-element_type=\"column\">\n\t\t\t<div class=\"elementor-widget-wrap elementor-element-populated\">\n\t\t\t\t\t\t<div class=\"elementor-element elementor-element-2e3a475 elementor-widget elementor-widget-text-editor\" data-id=\"2e3a475\" data-element_type=\"widget\" data-widget_type=\"text-editor.default\">\n\t\t\t\t<div class=\"elementor-widget-container\">\n\t\t\t<style>\/*! elementor - v3.20.0 - 20-03-2024 *\/\n.elementor-widget-text-editor.elementor-drop-cap-view-stacked .elementor-drop-cap{background-color:#69727d;color:#fff}.elementor-widget-text-editor.elementor-drop-cap-view-framed .elementor-drop-cap{color:#69727d;border:3px solid;background-color:transparent}.elementor-widget-text-editor:not(.elementor-drop-cap-view-default) .elementor-drop-cap{margin-top:8px}.elementor-widget-text-editor:not(.elementor-drop-cap-view-default) .elementor-drop-cap-letter{width:1em;height:1em}.elementor-widget-text-editor .elementor-drop-cap{float:left;text-align:center;line-height:1;font-size:50px}.elementor-widget-text-editor .elementor-drop-cap-letter{display:inline-block}<\/style>\t\t\t\t<p>Recientemente, Felipe Pousada Prado, presidente de la Asociaci\u00f3n de Empresarios Gallegos del Estado de S\u00e3o Paulo y del Foro Empresarial Hispano-Brasile\u00f1o, particip\u00f3 en reuniones en la Embajada de Espa\u00f1a en Brasilia con importantes figuras, entre ellas la embajadora Mar\u00eda del Mar Fern\u00e1ndez-Palacios Carmona. El encuentro se centr\u00f3 en revitalizar un proyecto iniciado en 2019, interrumpido por la pandemia, que pretende ampliar la difusi\u00f3n de actividades culturales, educativas, tur\u00edsticas y laborales acogidas a la Marca Espa\u00f1a a trav\u00e9s de entidades espa\u00f1olas en Brasil.<\/p><p>Este proyecto no s\u00f3lo busca reforzar la imagen positiva de Espa\u00f1a en territorio brasile\u00f1o, sino tambi\u00e9n estrechar los v\u00ednculos entre las entidades espa\u00f1olas y los ministerios de las embajadas. La iniciativa propone que estas entidades, que conocen en profundidad sus localidades, puedan colaborar m\u00e1s directamente con los ministerios, utilizando su capilaridad para acercar la Marca Espa\u00f1a a un p\u00fablico m\u00e1s amplio en un pa\u00eds de dimensiones continentales como Brasil. Pousada destaca la importancia de esta asociaci\u00f3n, tanto para las entidades como para la propia embajada, buscando una colaboraci\u00f3n mutuamente beneficiosa.<\/p><p>Consulta el art\u00edculo completo en la web Espa\u00f1a Exterior, el peri\u00f3dico de las comunidades espa\u00f1olas en el mundo.<\/p>\t\t\t\t\t\t<\/div>\n\t\t\t\t<\/div>\n\t\t\t\t\t<\/div>\n\t\t<\/div>\n\t\t\t\t\t<\/div>\n\t\t<\/section>\n\t\t\t\t<\/div>\n\t\t","protected":false},"excerpt":{"rendered":"<p>Colaboraci\u00f3n Brasil y Espa\u00f1a Recientemente, Felipe Pousada Prado, presidente de la Asociaci\u00f3n de Empresarios Gallegos del Estado de S\u00e3o Paulo y del Foro Empresarial Hispano-Brasile\u00f1o, particip\u00f3 en reuniones en la Embajada de Espa\u00f1a en Brasilia con importantes figuras, entre ellas la embajadora Mar\u00eda del Mar Fern\u00e1ndez-Palacios Carmona. El encuentro se centr\u00f3 en revitalizar un proyecto&#8230;<\/p>\n","protected":false},"author":1,"featured_media":989538,"comment_status":"open","ping_status":"open","sticky":false,"template":"","format":"standard","meta":{"inline_featured_image":false,"footnotes":""},"categories":[103,101],"tags":[109,105,110,111,112],"class_list":["post-989867","post","type-post","status-publish","format-standard","has-post-thumbnail","hentry","category-insights-es","category-noticias-es","tag-aegasp-es","tag-brasil-es","tag-espanha-es","tag-fehb-es","tag-marca-espanha-es"],"yoast_head":"<!-- This site is optimized with the Yoast SEO Premium plugin v21.3 (Yoast SEO v22.3) - https:\/\/yoast.com\/wordpress\/plugins\/seo\/ -->\n<title>Revitalizando la Marca Espa\u00f1a: Colaboraci\u00f3n Estrat\u00e9gica en Brasil - Pousada Prado<\/title>\n<meta name=\"robots\" content=\"index, follow, max-snippet:-1, max-image-preview:large, max-video-preview:-1\" \/>\n<link rel=\"canonical\" href=\"https:\/\/pousadaprado.adv.br\/es\/revitalizando-a-marca-espanha-colaboracao-estrategica-no-brasil\/\" \/>\n<meta property=\"og:locale\" content=\"es_ES\" \/>\n<meta property=\"og:type\" content=\"article\" \/>\n<meta property=\"og:title\" content=\"Revitalizando la Marca Espa\u00f1a: Colaboraci\u00f3n Estrat\u00e9gica en Brasil\" \/>\n<meta property=\"og:description\" content=\"Colaboraci\u00f3n Brasil y Espa\u00f1a Recientemente, Felipe Pousada Prado, presidente de la Asociaci\u00f3n de Empresarios Gallegos del Estado de S\u00e3o Paulo y del Foro Empresarial Hispano-Brasile\u00f1o, particip\u00f3 en reuniones en la Embajada de Espa\u00f1a en Brasilia con importantes figuras, entre ellas la embajadora Mar\u00eda del Mar Fern\u00e1ndez-Palacios Carmona. El encuentro se centr\u00f3 en revitalizar un proyecto...\" \/>\n<meta property=\"og:url\" content=\"https:\/\/pousadaprado.adv.br\/es\/revitalizando-a-marca-espanha-colaboracao-estrategica-no-brasil\/\" \/>\n<meta property=\"og:site_name\" content=\"Pousada Prado\" \/>\n<meta property=\"article:published_time\" content=\"2024-05-23T15:23:58+00:00\" \/>\n<meta property=\"article:modified_time\" content=\"2024-08-28T13:18:26+00:00\" \/>\n<meta property=\"og:image\" content=\"https:\/\/pousadaprado.adv.br\/wp-content\/uploads\/2024\/05\/Felipe-pousada-prado-advogados-espanha-brasil.jpg\" \/>\n\t<meta property=\"og:image:width\" content=\"1140\" \/>\n\t<meta property=\"og:image:height\" content=\"760\" \/>\n\t<meta property=\"og:image:type\" content=\"image\/jpeg\" \/>\n<meta name=\"author\" content=\"infra\" \/>\n<meta name=\"twitter:card\" content=\"summary_large_image\" \/>\n<meta name=\"twitter:label1\" content=\"Escrito por\" \/>\n\t<meta name=\"twitter:data1\" content=\"infra\" \/>\n\t<meta name=\"twitter:label2\" content=\"Tiempo de lectura\" \/>\n\t<meta name=\"twitter:data2\" content=\"2 minutos\" \/>\n<script type=\"application\/ld+json\" class=\"yoast-schema-graph\">{\"@context\":\"https:\/\/schema.org\",\"@graph\":[{\"@type\":\"Article\",\"@id\":\"https:\/\/pousadaprado.adv.br\/es\/revitalizando-a-marca-espanha-colaboracao-estrategica-no-brasil\/#article\",\"isPartOf\":{\"@id\":\"https:\/\/pousadaprado.adv.br\/es\/revitalizando-a-marca-espanha-colaboracao-estrategica-no-brasil\/\"},\"author\":{\"name\":\"infra\",\"@id\":\"https:\/\/pousadaprado.adv.br\/#\/schema\/person\/4e8c376865e88b6c41c29af210f06d60\"},\"headline\":\"Revitalizando la Marca Espa\u00f1a: Colaboraci\u00f3n Estrat\u00e9gica en Brasil\",\"datePublished\":\"2024-05-23T15:23:58+00:00\",\"dateModified\":\"2024-08-28T13:18:26+00:00\",\"mainEntityOfPage\":{\"@id\":\"https:\/\/pousadaprado.adv.br\/es\/revitalizando-a-marca-espanha-colaboracao-estrategica-no-brasil\/\"},\"wordCount\":234,\"commentCount\":0,\"publisher\":{\"@id\":\"https:\/\/pousadaprado.adv.br\/#organization\"},\"image\":{\"@id\":\"https:\/\/pousadaprado.adv.br\/es\/revitalizando-a-marca-espanha-colaboracao-estrategica-no-brasil\/#primaryimage\"},\"thumbnailUrl\":\"https:\/\/pousadaprado.adv.br\/wp-content\/uploads\/2024\/05\/Felipe-pousada-prado-advogados-espanha-brasil.jpg\",\"keywords\":[\"AEGASP\",\"Brasil\",\"Espanha\",\"FEHB\",\"Marca Espanha\"],\"articleSection\":[\"Insights\",\"Noticias\"],\"inLanguage\":\"es\",\"potentialAction\":[{\"@type\":\"CommentAction\",\"name\":\"Comment\",\"target\":[\"https:\/\/pousadaprado.adv.br\/es\/revitalizando-a-marca-espanha-colaboracao-estrategica-no-brasil\/#respond\"]}]},{\"@type\":\"WebPage\",\"@id\":\"https:\/\/pousadaprado.adv.br\/es\/revitalizando-a-marca-espanha-colaboracao-estrategica-no-brasil\/\",\"url\":\"https:\/\/pousadaprado.adv.br\/es\/revitalizando-a-marca-espanha-colaboracao-estrategica-no-brasil\/\",\"name\":\"Revitalizando la Marca Espa\u00f1a: Colaboraci\u00f3n Estrat\u00e9gica en Brasil - Pousada Prado\",\"isPartOf\":{\"@id\":\"https:\/\/pousadaprado.adv.br\/#website\"},\"primaryImageOfPage\":{\"@id\":\"https:\/\/pousadaprado.adv.br\/es\/revitalizando-a-marca-espanha-colaboracao-estrategica-no-brasil\/#primaryimage\"},\"image\":{\"@id\":\"https:\/\/pousadaprado.adv.br\/es\/revitalizando-a-marca-espanha-colaboracao-estrategica-no-brasil\/#primaryimage\"},\"thumbnailUrl\":\"https:\/\/pousadaprado.adv.br\/wp-content\/uploads\/2024\/05\/Felipe-pousada-prado-advogados-espanha-brasil.jpg\",\"datePublished\":\"2024-05-23T15:23:58+00:00\",\"dateModified\":\"2024-08-28T13:18:26+00:00\",\"breadcrumb\":{\"@id\":\"https:\/\/pousadaprado.adv.br\/es\/revitalizando-a-marca-espanha-colaboracao-estrategica-no-brasil\/#breadcrumb\"},\"inLanguage\":\"es\",\"potentialAction\":[{\"@type\":\"ReadAction\",\"target\":[\"https:\/\/pousadaprado.adv.br\/es\/revitalizando-a-marca-espanha-colaboracao-estrategica-no-brasil\/\"]}]},{\"@type\":\"ImageObject\",\"inLanguage\":\"es\",\"@id\":\"https:\/\/pousadaprado.adv.br\/es\/revitalizando-a-marca-espanha-colaboracao-estrategica-no-brasil\/#primaryimage\",\"url\":\"https:\/\/pousadaprado.adv.br\/wp-content\/uploads\/2024\/05\/Felipe-pousada-prado-advogados-espanha-brasil.jpg\",\"contentUrl\":\"https:\/\/pousadaprado.adv.br\/wp-content\/uploads\/2024\/05\/Felipe-pousada-prado-advogados-espanha-brasil.jpg\",\"width\":1140,\"height\":760},{\"@type\":\"BreadcrumbList\",\"@id\":\"https:\/\/pousadaprado.adv.br\/es\/revitalizando-a-marca-espanha-colaboracao-estrategica-no-brasil\/#breadcrumb\",\"itemListElement\":[{\"@type\":\"ListItem\",\"position\":1,\"name\":\"In\u00edcio\",\"item\":\"https:\/\/pousadaprado.adv.br\/\"},{\"@type\":\"ListItem\",\"position\":2,\"name\":\"Revitalizando la Marca Espa\u00f1a: Colaboraci\u00f3n Estrat\u00e9gica en Brasil\"}]},{\"@type\":\"WebSite\",\"@id\":\"https:\/\/pousadaprado.adv.br\/#website\",\"url\":\"https:\/\/pousadaprado.adv.br\/\",\"name\":\"Pousada Prado\",\"description\":\"Advogados Associados\",\"publisher\":{\"@id\":\"https:\/\/pousadaprado.adv.br\/#organization\"},\"potentialAction\":[{\"@type\":\"SearchAction\",\"target\":{\"@type\":\"EntryPoint\",\"urlTemplate\":\"https:\/\/pousadaprado.adv.br\/?s={search_term_string}\"},\"query-input\":\"required name=search_term_string\"}],\"inLanguage\":\"es\"},{\"@type\":\"Organization\",\"@id\":\"https:\/\/pousadaprado.adv.br\/#organization\",\"name\":\"Pousada Prado\",\"url\":\"https:\/\/pousadaprado.adv.br\/\",\"logo\":{\"@type\":\"ImageObject\",\"inLanguage\":\"es\",\"@id\":\"https:\/\/pousadaprado.adv.br\/#\/schema\/logo\/image\/\",\"url\":\"https:\/\/pousadaprado.adv.br\/wp-content\/uploads\/2023\/09\/PPAA_logotipo-horizontal-principal.svg\",\"contentUrl\":\"https:\/\/pousadaprado.adv.br\/wp-content\/uploads\/2023\/09\/PPAA_logotipo-horizontal-principal.svg\",\"width\":348,\"height\":52,\"caption\":\"Pousada Prado\"},\"image\":{\"@id\":\"https:\/\/pousadaprado.adv.br\/#\/schema\/logo\/image\/\"},\"sameAs\":[\"https:\/\/linkedin.com\/company\/pousada-benassi-advogados-associados\/about\/\"]},{\"@type\":\"Person\",\"@id\":\"https:\/\/pousadaprado.adv.br\/#\/schema\/person\/4e8c376865e88b6c41c29af210f06d60\",\"name\":\"infra\",\"image\":{\"@type\":\"ImageObject\",\"inLanguage\":\"es\",\"@id\":\"https:\/\/pousadaprado.adv.br\/#\/schema\/person\/image\/\",\"url\":\"https:\/\/secure.gravatar.com\/avatar\/89ca1c60ae2aa52cdef616e2fe5b1702?s=96&d=mm&r=g\",\"contentUrl\":\"https:\/\/secure.gravatar.com\/avatar\/89ca1c60ae2aa52cdef616e2fe5b1702?s=96&d=mm&r=g\",\"caption\":\"infra\"},\"sameAs\":[\"https:\/\/pousadaprado.adv.br\"],\"url\":\"https:\/\/pousadaprado.adv.br\/es\/author\/infra\/\"}]}<\/script>\n<!-- \/ Yoast SEO Premium plugin. -->","yoast_head_json":{"title":"Revitalizando la Marca Espa\u00f1a: Colaboraci\u00f3n Estrat\u00e9gica en Brasil - Pousada Prado","robots":{"index":"index","follow":"follow","max-snippet":"max-snippet:-1","max-image-preview":"max-image-preview:large","max-video-preview":"max-video-preview:-1"},"canonical":"https:\/\/pousadaprado.adv.br\/es\/revitalizando-a-marca-espanha-colaboracao-estrategica-no-brasil\/","og_locale":"es_ES","og_type":"article","og_title":"Revitalizando la Marca Espa\u00f1a: Colaboraci\u00f3n Estrat\u00e9gica en Brasil","og_description":"Colaboraci\u00f3n Brasil y Espa\u00f1a Recientemente, Felipe Pousada Prado, presidente de la Asociaci\u00f3n de Empresarios Gallegos del Estado de S\u00e3o Paulo y del Foro Empresarial Hispano-Brasile\u00f1o, particip\u00f3 en reuniones en la Embajada de Espa\u00f1a en Brasilia con importantes figuras, entre ellas la embajadora Mar\u00eda del Mar Fern\u00e1ndez-Palacios Carmona. El encuentro se centr\u00f3 en revitalizar un proyecto...","og_url":"https:\/\/pousadaprado.adv.br\/es\/revitalizando-a-marca-espanha-colaboracao-estrategica-no-brasil\/","og_site_name":"Pousada Prado","article_published_time":"2024-05-23T15:23:58+00:00","article_modified_time":"2024-08-28T13:18:26+00:00","og_image":[{"width":1140,"height":760,"url":"https:\/\/pousadaprado.adv.br\/wp-content\/uploads\/2024\/05\/Felipe-pousada-prado-advogados-espanha-brasil.jpg","type":"image\/jpeg"}],"author":"infra","twitter_card":"summary_large_image","twitter_misc":{"Escrito por":"infra","Tiempo de lectura":"2 minutos"},"schema":{"@context":"https:\/\/schema.org","@graph":[{"@type":"Article","@id":"https:\/\/pousadaprado.adv.br\/es\/revitalizando-a-marca-espanha-colaboracao-estrategica-no-brasil\/#article","isPartOf":{"@id":"https:\/\/pousadaprado.adv.br\/es\/revitalizando-a-marca-espanha-colaboracao-estrategica-no-brasil\/"},"author":{"name":"infra","@id":"https:\/\/pousadaprado.adv.br\/#\/schema\/person\/4e8c376865e88b6c41c29af210f06d60"},"headline":"Revitalizando la Marca Espa\u00f1a: Colaboraci\u00f3n Estrat\u00e9gica en Brasil","datePublished":"2024-05-23T15:23:58+00:00","dateModified":"2024-08-28T13:18:26+00:00","mainEntityOfPage":{"@id":"https:\/\/pousadaprado.adv.br\/es\/revitalizando-a-marca-espanha-colaboracao-estrategica-no-brasil\/"},"wordCount":234,"commentCount":0,"publisher":{"@id":"https:\/\/pousadaprado.adv.br\/#organization"},"image":{"@id":"https:\/\/pousadaprado.adv.br\/es\/revitalizando-a-marca-espanha-colaboracao-estrategica-no-brasil\/#primaryimage"},"thumbnailUrl":"https:\/\/pousadaprado.adv.br\/wp-content\/uploads\/2024\/05\/Felipe-pousada-prado-advogados-espanha-brasil.jpg","keywords":["AEGASP","Brasil","Espanha","FEHB","Marca Espanha"],"articleSection":["Insights","Noticias"],"inLanguage":"es","potentialAction":[{"@type":"CommentAction","name":"Comment","target":["https:\/\/pousadaprado.adv.br\/es\/revitalizando-a-marca-espanha-colaboracao-estrategica-no-brasil\/#respond"]}]},{"@type":"WebPage","@id":"https:\/\/pousadaprado.adv.br\/es\/revitalizando-a-marca-espanha-colaboracao-estrategica-no-brasil\/","url":"https:\/\/pousadaprado.adv.br\/es\/revitalizando-a-marca-espanha-colaboracao-estrategica-no-brasil\/","name":"Revitalizando la Marca Espa\u00f1a: Colaboraci\u00f3n Estrat\u00e9gica en Brasil - Pousada Prado","isPartOf":{"@id":"https:\/\/pousadaprado.adv.br\/#website"},"primaryImageOfPage":{"@id":"https:\/\/pousadaprado.adv.br\/es\/revitalizando-a-marca-espanha-colaboracao-estrategica-no-brasil\/#primaryimage"},"image":{"@id":"https:\/\/pousadaprado.adv.br\/es\/revitalizando-a-marca-espanha-colaboracao-estrategica-no-brasil\/#primaryimage"},"thumbnailUrl":"https:\/\/pousadaprado.adv.br\/wp-content\/uploads\/2024\/05\/Felipe-pousada-prado-advogados-espanha-brasil.jpg","datePublished":"2024-05-23T15:23:58+00:00","dateModified":"2024-08-28T13:18:26+00:00","breadcrumb":{"@id":"https:\/\/pousadaprado.adv.br\/es\/revitalizando-a-marca-espanha-colaboracao-estrategica-no-brasil\/#breadcrumb"},"inLanguage":"es","potentialAction":[{"@type":"ReadAction","target":["https:\/\/pousadaprado.adv.br\/es\/revitalizando-a-marca-espanha-colaboracao-estrategica-no-brasil\/"]}]},{"@type":"ImageObject","inLanguage":"es","@id":"https:\/\/pousadaprado.adv.br\/es\/revitalizando-a-marca-espanha-colaboracao-estrategica-no-brasil\/#primaryimage","url":"https:\/\/pousadaprado.adv.br\/wp-content\/uploads\/2024\/05\/Felipe-pousada-prado-advogados-espanha-brasil.jpg","contentUrl":"https:\/\/pousadaprado.adv.br\/wp-content\/uploads\/2024\/05\/Felipe-pousada-prado-advogados-espanha-brasil.jpg","width":1140,"height":760},{"@type":"BreadcrumbList","@id":"https:\/\/pousadaprado.adv.br\/es\/revitalizando-a-marca-espanha-colaboracao-estrategica-no-brasil\/#breadcrumb","itemListElement":[{"@type":"ListItem","position":1,"name":"In\u00edcio","item":"https:\/\/pousadaprado.adv.br\/"},{"@type":"ListItem","position":2,"name":"Revitalizando la Marca Espa\u00f1a: Colaboraci\u00f3n Estrat\u00e9gica en Brasil"}]},{"@type":"WebSite","@id":"https:\/\/pousadaprado.adv.br\/#website","url":"https:\/\/pousadaprado.adv.br\/","name":"Pousada Prado","description":"Advogados Associados","publisher":{"@id":"https:\/\/pousadaprado.adv.br\/#organization"},"potentialAction":[{"@type":"SearchAction","target":{"@type":"EntryPoint","urlTemplate":"https:\/\/pousadaprado.adv.br\/?s={search_term_string}"},"query-input":"required name=search_term_string"}],"inLanguage":"es"},{"@type":"Organization","@id":"https:\/\/pousadaprado.adv.br\/#organization","name":"Pousada Prado","url":"https:\/\/pousadaprado.adv.br\/","logo":{"@type":"ImageObject","inLanguage":"es","@id":"https:\/\/pousadaprado.adv.br\/#\/schema\/logo\/image\/","url":"https:\/\/pousadaprado.adv.br\/wp-content\/uploads\/2023\/09\/PPAA_logotipo-horizontal-principal.svg","contentUrl":"https:\/\/pousadaprado.adv.br\/wp-content\/uploads\/2023\/09\/PPAA_logotipo-horizontal-principal.svg","width":348,"height":52,"caption":"Pousada Prado"},"image":{"@id":"https:\/\/pousadaprado.adv.br\/#\/schema\/logo\/image\/"},"sameAs":["https:\/\/linkedin.com\/company\/pousada-benassi-advogados-associados\/about\/"]},{"@type":"Person","@id":"https:\/\/pousadaprado.adv.br\/#\/schema\/person\/4e8c376865e88b6c41c29af210f06d60","name":"infra","image":{"@type":"ImageObject","inLanguage":"es","@id":"https:\/\/pousadaprado.adv.br\/#\/schema\/person\/image\/","url":"https:\/\/secure.gravatar.com\/avatar\/89ca1c60ae2aa52cdef616e2fe5b1702?s=96&d=mm&r=g","contentUrl":"https:\/\/secure.gravatar.com\/avatar\/89ca1c60ae2aa52cdef616e2fe5b1702?s=96&d=mm&r=g","caption":"infra"},"sameAs":["https:\/\/pousadaprado.adv.br"],"url":"https:\/\/pousadaprado.adv.br\/es\/author\/infra\/"}]}},"_links":{"self":[{"href":"https:\/\/pousadaprado.adv.br\/es\/wp-json\/wp\/v2\/posts\/989867"}],"collection":[{"href":"https:\/\/pousadaprado.adv.br\/es\/wp-json\/wp\/v2\/posts"}],"about":[{"href":"https:\/\/pousadaprado.adv.br\/es\/wp-json\/wp\/v2\/types\/post"}],"author":[{"embeddable":true,"href":"https:\/\/pousadaprado.adv.br\/es\/wp-json\/wp\/v2\/users\/1"}],"replies":[{"embeddable":true,"href":"https:\/\/pousadaprado.adv.br\/es\/wp-json\/wp\/v2\/comments?post=989867"}],"version-history":[{"count":3,"href":"https:\/\/pousadaprado.adv.br\/es\/wp-json\/wp\/v2\/posts\/989867\/revisions"}],"predecessor-version":[{"id":989885,"href":"https:\/\/pousadaprado.adv.br\/es\/wp-json\/wp\/v2\/posts\/989867\/revisions\/989885"}],"wp:featuredmedia":[{"embeddable":true,"href":"https:\/\/pousadaprado.adv.br\/es\/wp-json\/wp\/v2\/media\/989538"}],"wp:attachment":[{"href":"https:\/\/pousadaprado.adv.br\/es\/wp-json\/wp\/v2\/media?parent=989867"}],"wp:term":[{"taxonomy":"category","embeddable":true,"href":"https:\/\/pousadaprado.adv.br\/es\/wp-json\/wp\/v2\/categories?post=989867"},{"taxonomy":"post_tag","embeddable":true,"href":"https:\/\/pousadaprado.adv.br\/es\/wp-json\/wp\/v2\/tags?post=989867"}],"curies":[{"name":"wp","href":"https:\/\/api.w.org\/{rel}","templated":true}]}}