{"id":989868,"date":"2024-05-22T12:32:00","date_gmt":"2024-05-22T15:32:00","guid":{"rendered":"https:\/\/pousadaprado.adv.br\/expansao-da-marca-espanha-no-brasil\/"},"modified":"2024-08-28T10:19:45","modified_gmt":"2024-08-28T13:19:45","slug":"expansao-da-marca-espanha-no-brasil","status":"publish","type":"post","link":"https:\/\/pousadaprado.adv.br\/es\/expansao-da-marca-espanha-no-brasil\/","title":{"rendered":"Expansi\u00f3n de la Marca Espa\u00f1a en Brasil"},"content":{"rendered":"\t\t<div data-elementor-type=\"wp-post\" data-elementor-id=\"989868\" class=\"elementor elementor-989868 elementor-989148\" data-elementor-post-type=\"post\">\n\t\t\t\t\t\t<section class=\"elementor-section elementor-top-section elementor-element elementor-element-196383f7 elementor-section-boxed elementor-section-height-default elementor-section-height-default\" data-id=\"196383f7\" data-element_type=\"section\">\n\t\t\t\t\t\t<div class=\"elementor-container elementor-column-gap-no\">\n\t\t\t\t\t<div class=\"elementor-column elementor-col-100 elementor-top-column elementor-element elementor-element-9370cc0\" data-id=\"9370cc0\" data-element_type=\"column\">\n\t\t\t<div class=\"elementor-widget-wrap elementor-element-populated\">\n\t\t\t\t\t\t<div class=\"vamtam-has-theme-widget-styles elementor-element elementor-element-2b6e867b elementor-widget elementor-widget-image\" data-id=\"2b6e867b\" data-element_type=\"widget\" data-widget_type=\"image.default\">\n\t\t\t\t<div class=\"elementor-widget-container\">\n\t\t\t<style>\/*! elementor - v3.20.0 - 20-03-2024 *\/\n.elementor-widget-image{text-align:center}.elementor-widget-image a{display:inline-block}.elementor-widget-image a img[src$=\".svg\"]{width:48px}.elementor-widget-image img{vertical-align:middle;display:inline-block}<\/style>\t\t\t\t<div class=\"elementor-image\">\n\t\t\t\t\t\t\t\t\t\t\t\t\t\t\t\t<figure class=\"wp-caption\">\n\t\t\t\t\t\t\t\t\t\t\t\t\t\t\t\t<img fetchpriority=\"high\" decoding=\"async\" width=\"1024\" height=\"833\" src=\"https:\/\/pousadaprado.adv.br\/wp-content\/uploads\/2024\/07\/Pousada-Prado-advogados-n2-1024x833.jpg\" class=\"attachment-large size-large wp-image-989127\" alt=\"\" srcset=\"https:\/\/pousadaprado.adv.br\/wp-content\/uploads\/2024\/07\/Pousada-Prado-advogados-n2-1024x833.jpg 1024w, https:\/\/pousadaprado.adv.br\/wp-content\/uploads\/2024\/07\/Pousada-Prado-advogados-n2-300x244.jpg 300w, https:\/\/pousadaprado.adv.br\/wp-content\/uploads\/2024\/07\/Pousada-Prado-advogados-n2-768x625.jpg 768w, https:\/\/pousadaprado.adv.br\/wp-content\/uploads\/2024\/07\/Pousada-Prado-advogados-n2.jpg 1280w\" sizes=\"(max-width: 1024px) 100vw, 1024px\" \/>\t\t\t\t\t\t\t\t\t\t\t\t\t\t\t\t\t<figcaption class=\"widget-image-caption wp-caption-text\">Felipe Pousada y Embajadora Mar\u00eda del Mar Fern\u00e1ndez Carmona<\/figcaption>\n\t\t\t\t\t\t\t\t\t\t\t\t\t\t\t\t<\/figure>\n\t\t\t\t\t\t\t\t\t\t\t\t\t\t<\/div>\n\t\t\t\t\t\t<\/div>\n\t\t\t\t<\/div>\n\t\t\t\t\t<\/div>\n\t\t<\/div>\n\t\t\t\t\t<\/div>\n\t\t<\/section>\n\t\t\t\t<section class=\"elementor-section elementor-top-section elementor-element elementor-element-56be0a26 elementor-section-boxed elementor-section-height-default elementor-section-height-default\" data-id=\"56be0a26\" data-element_type=\"section\">\n\t\t\t\t\t\t<div class=\"elementor-container elementor-column-gap-no\">\n\t\t\t\t\t<div class=\"elementor-column elementor-col-100 elementor-top-column elementor-element elementor-element-5ac35f93\" data-id=\"5ac35f93\" data-element_type=\"column\">\n\t\t\t<div class=\"elementor-widget-wrap elementor-element-populated\">\n\t\t\t\t\t\t<div class=\"elementor-element elementor-element-2e3a475 elementor-widget elementor-widget-text-editor\" data-id=\"2e3a475\" data-element_type=\"widget\" data-widget_type=\"text-editor.default\">\n\t\t\t\t<div class=\"elementor-widget-container\">\n\t\t\t<style>\/*! elementor - v3.20.0 - 20-03-2024 *\/\n.elementor-widget-text-editor.elementor-drop-cap-view-stacked .elementor-drop-cap{background-color:#69727d;color:#fff}.elementor-widget-text-editor.elementor-drop-cap-view-framed .elementor-drop-cap{color:#69727d;border:3px solid;background-color:transparent}.elementor-widget-text-editor:not(.elementor-drop-cap-view-default) .elementor-drop-cap{margin-top:8px}.elementor-widget-text-editor:not(.elementor-drop-cap-view-default) .elementor-drop-cap-letter{width:1em;height:1em}.elementor-widget-text-editor .elementor-drop-cap{float:left;text-align:center;line-height:1;font-size:50px}.elementor-widget-text-editor .elementor-drop-cap-letter{display:inline-block}<\/style>\t\t\t\t<p>Las entidades y ayuntamientos de la Embajada de Espa\u00f1a en Brasil unieron esfuerzos para fortalecer la \u201cMarca Espa\u00f1a\u201d en el pa\u00eds, una iniciativa que se retom\u00f3 tras ser interrumpida por la pandemia. Este movimiento busca ampliar la influencia cultural y social espa\u00f1ola a trav\u00e9s de la colaboraci\u00f3n entre diversas entidades que representan a Espa\u00f1a en diferentes regiones de Brasil.<\/p><p>En esta recuperaci\u00f3n jug\u00f3 un papel fundamental Felipe Pousada Prado, presidente del Foro Empresarial Hispano-Brasile\u00f1o, destacando el potencial de las entidades espa\u00f1olas como valiosos aliados en la difusi\u00f3n de la cultura y los valores espa\u00f1oles en Brasil. Este esfuerzo conjunto no s\u00f3lo promueve la diversidad cultural sino que tambi\u00e9n fortalece las relaciones entre las comunidades espa\u00f1ola y brasile\u00f1a.<\/p><p>La estrategia incluye el uso de la amplia red de entidades espa\u00f1olas en territorio brasile\u00f1o para promover actividades culturales, educativas, tur\u00edsticas y laborales bajo el concepto de \u201cMarca Espa\u00f1a\u201d. Esto demuestra un esfuerzo por llegar e integrar a la comunidad espa\u00f1ola diseminada por todo Brasil, mostrando la importancia de la cooperaci\u00f3n y el entendimiento mutuo entre las naciones.<\/p><p>Consulta la noticia completa en la web de <a href=\"https:\/\/www.cronicasdelaemigracion.com\/articulo\/cronicas\/consejerias-espana-entidades-espanolas-brasil-unen-favor-difusion-marca-espana\/20240522145721120015.html\" target=\"_blank\" rel=\"noopener\">Cr\u00f3nicas de la Emigraci\u00f3n.<\/a><\/p>\t\t\t\t\t\t<\/div>\n\t\t\t\t<\/div>\n\t\t\t\t\t<\/div>\n\t\t<\/div>\n\t\t\t\t\t<\/div>\n\t\t<\/section>\n\t\t\t\t<\/div>\n\t\t","protected":false},"excerpt":{"rendered":"<p>Felipe Pousada y Embajadora Mar\u00eda del Mar Fern\u00e1ndez Carmona Las entidades y ayuntamientos de la Embajada de Espa\u00f1a en Brasil unieron esfuerzos para fortalecer la \u201cMarca Espa\u00f1a\u201d en el pa\u00eds, una iniciativa que se retom\u00f3 tras ser interrumpida por la pandemia. Este movimiento busca ampliar la influencia cultural y social espa\u00f1ola a trav\u00e9s de la&#8230;<\/p>\n","protected":false},"author":1,"featured_media":989536,"comment_status":"open","ping_status":"open","sticky":false,"template":"","format":"standard","meta":{"inline_featured_image":false,"footnotes":""},"categories":[103,101],"tags":[109,105,110,111,112],"class_list":["post-989868","post","type-post","status-publish","format-standard","has-post-thumbnail","hentry","category-insights-es","category-noticias-es","tag-aegasp-es","tag-brasil-es","tag-espanha-es","tag-fehb-es","tag-marca-espanha-es"],"yoast_head":"<!-- This site is optimized with the Yoast SEO Premium plugin v21.3 (Yoast SEO v22.3) - https:\/\/yoast.com\/wordpress\/plugins\/seo\/ -->\n<title>Expansi\u00f3n de la Marca Espa\u00f1a en Brasil - Pousada Prado<\/title>\n<meta name=\"robots\" content=\"index, follow, max-snippet:-1, max-image-preview:large, max-video-preview:-1\" \/>\n<link rel=\"canonical\" href=\"https:\/\/pousadaprado.adv.br\/es\/expansao-da-marca-espanha-no-brasil\/\" \/>\n<meta property=\"og:locale\" content=\"es_ES\" \/>\n<meta property=\"og:type\" content=\"article\" \/>\n<meta property=\"og:title\" content=\"Expansi\u00f3n de la Marca Espa\u00f1a en Brasil\" \/>\n<meta property=\"og:description\" content=\"Felipe Pousada y Embajadora Mar\u00eda del Mar Fern\u00e1ndez Carmona Las entidades y ayuntamientos de la Embajada de Espa\u00f1a en Brasil unieron esfuerzos para fortalecer la \u201cMarca Espa\u00f1a\u201d en el pa\u00eds, una iniciativa que se retom\u00f3 tras ser interrumpida por la pandemia. Este movimiento busca ampliar la influencia cultural y social espa\u00f1ola a trav\u00e9s de la...\" \/>\n<meta property=\"og:url\" content=\"https:\/\/pousadaprado.adv.br\/es\/expansao-da-marca-espanha-no-brasil\/\" \/>\n<meta property=\"og:site_name\" content=\"Pousada Prado\" \/>\n<meta property=\"article:published_time\" content=\"2024-05-22T15:32:00+00:00\" \/>\n<meta property=\"article:modified_time\" content=\"2024-08-28T13:19:45+00:00\" \/>\n<meta property=\"og:image\" content=\"https:\/\/pousadaprado.adv.br\/wp-content\/uploads\/2024\/07\/Pousada-Prado-advogados-n2.jpg\" \/>\n\t<meta property=\"og:image:width\" content=\"1280\" \/>\n\t<meta property=\"og:image:height\" content=\"1041\" \/>\n\t<meta property=\"og:image:type\" content=\"image\/jpeg\" \/>\n<meta name=\"author\" content=\"infra\" \/>\n<meta name=\"twitter:card\" content=\"summary_large_image\" \/>\n<meta name=\"twitter:label1\" content=\"Escrito por\" \/>\n\t<meta name=\"twitter:data1\" content=\"infra\" \/>\n\t<meta name=\"twitter:label2\" content=\"Tiempo de lectura\" \/>\n\t<meta name=\"twitter:data2\" content=\"2 minutos\" \/>\n<script type=\"application\/ld+json\" class=\"yoast-schema-graph\">{\"@context\":\"https:\/\/schema.org\",\"@graph\":[{\"@type\":\"Article\",\"@id\":\"https:\/\/pousadaprado.adv.br\/es\/expansao-da-marca-espanha-no-brasil\/#article\",\"isPartOf\":{\"@id\":\"https:\/\/pousadaprado.adv.br\/es\/expansao-da-marca-espanha-no-brasil\/\"},\"author\":{\"name\":\"infra\",\"@id\":\"https:\/\/pousadaprado.adv.br\/#\/schema\/person\/4e8c376865e88b6c41c29af210f06d60\"},\"headline\":\"Expansi\u00f3n de la Marca Espa\u00f1a en Brasil\",\"datePublished\":\"2024-05-22T15:32:00+00:00\",\"dateModified\":\"2024-08-28T13:19:45+00:00\",\"mainEntityOfPage\":{\"@id\":\"https:\/\/pousadaprado.adv.br\/es\/expansao-da-marca-espanha-no-brasil\/\"},\"wordCount\":231,\"commentCount\":0,\"publisher\":{\"@id\":\"https:\/\/pousadaprado.adv.br\/#organization\"},\"image\":{\"@id\":\"https:\/\/pousadaprado.adv.br\/es\/expansao-da-marca-espanha-no-brasil\/#primaryimage\"},\"thumbnailUrl\":\"https:\/\/pousadaprado.adv.br\/wp-content\/uploads\/2024\/07\/Pousada-Prado-advogados-n2.jpg\",\"keywords\":[\"AEGASP\",\"Brasil\",\"Espanha\",\"FEHB\",\"Marca Espanha\"],\"articleSection\":[\"Insights\",\"Noticias\"],\"inLanguage\":\"es\",\"potentialAction\":[{\"@type\":\"CommentAction\",\"name\":\"Comment\",\"target\":[\"https:\/\/pousadaprado.adv.br\/es\/expansao-da-marca-espanha-no-brasil\/#respond\"]}]},{\"@type\":\"WebPage\",\"@id\":\"https:\/\/pousadaprado.adv.br\/es\/expansao-da-marca-espanha-no-brasil\/\",\"url\":\"https:\/\/pousadaprado.adv.br\/es\/expansao-da-marca-espanha-no-brasil\/\",\"name\":\"Expansi\u00f3n de la Marca Espa\u00f1a en Brasil - Pousada Prado\",\"isPartOf\":{\"@id\":\"https:\/\/pousadaprado.adv.br\/#website\"},\"primaryImageOfPage\":{\"@id\":\"https:\/\/pousadaprado.adv.br\/es\/expansao-da-marca-espanha-no-brasil\/#primaryimage\"},\"image\":{\"@id\":\"https:\/\/pousadaprado.adv.br\/es\/expansao-da-marca-espanha-no-brasil\/#primaryimage\"},\"thumbnailUrl\":\"https:\/\/pousadaprado.adv.br\/wp-content\/uploads\/2024\/07\/Pousada-Prado-advogados-n2.jpg\",\"datePublished\":\"2024-05-22T15:32:00+00:00\",\"dateModified\":\"2024-08-28T13:19:45+00:00\",\"breadcrumb\":{\"@id\":\"https:\/\/pousadaprado.adv.br\/es\/expansao-da-marca-espanha-no-brasil\/#breadcrumb\"},\"inLanguage\":\"es\",\"potentialAction\":[{\"@type\":\"ReadAction\",\"target\":[\"https:\/\/pousadaprado.adv.br\/es\/expansao-da-marca-espanha-no-brasil\/\"]}]},{\"@type\":\"ImageObject\",\"inLanguage\":\"es\",\"@id\":\"https:\/\/pousadaprado.adv.br\/es\/expansao-da-marca-espanha-no-brasil\/#primaryimage\",\"url\":\"https:\/\/pousadaprado.adv.br\/wp-content\/uploads\/2024\/07\/Pousada-Prado-advogados-n2.jpg\",\"contentUrl\":\"https:\/\/pousadaprado.adv.br\/wp-content\/uploads\/2024\/07\/Pousada-Prado-advogados-n2.jpg\",\"width\":1280,\"height\":1041},{\"@type\":\"BreadcrumbList\",\"@id\":\"https:\/\/pousadaprado.adv.br\/es\/expansao-da-marca-espanha-no-brasil\/#breadcrumb\",\"itemListElement\":[{\"@type\":\"ListItem\",\"position\":1,\"name\":\"In\u00edcio\",\"item\":\"https:\/\/pousadaprado.adv.br\/\"},{\"@type\":\"ListItem\",\"position\":2,\"name\":\"Expansi\u00f3n de la Marca Espa\u00f1a en Brasil\"}]},{\"@type\":\"WebSite\",\"@id\":\"https:\/\/pousadaprado.adv.br\/#website\",\"url\":\"https:\/\/pousadaprado.adv.br\/\",\"name\":\"Pousada Prado\",\"description\":\"Advogados Associados\",\"publisher\":{\"@id\":\"https:\/\/pousadaprado.adv.br\/#organization\"},\"potentialAction\":[{\"@type\":\"SearchAction\",\"target\":{\"@type\":\"EntryPoint\",\"urlTemplate\":\"https:\/\/pousadaprado.adv.br\/?s={search_term_string}\"},\"query-input\":\"required name=search_term_string\"}],\"inLanguage\":\"es\"},{\"@type\":\"Organization\",\"@id\":\"https:\/\/pousadaprado.adv.br\/#organization\",\"name\":\"Pousada Prado\",\"url\":\"https:\/\/pousadaprado.adv.br\/\",\"logo\":{\"@type\":\"ImageObject\",\"inLanguage\":\"es\",\"@id\":\"https:\/\/pousadaprado.adv.br\/#\/schema\/logo\/image\/\",\"url\":\"https:\/\/pousadaprado.adv.br\/wp-content\/uploads\/2023\/09\/PPAA_logotipo-horizontal-principal.svg\",\"contentUrl\":\"https:\/\/pousadaprado.adv.br\/wp-content\/uploads\/2023\/09\/PPAA_logotipo-horizontal-principal.svg\",\"width\":348,\"height\":52,\"caption\":\"Pousada Prado\"},\"image\":{\"@id\":\"https:\/\/pousadaprado.adv.br\/#\/schema\/logo\/image\/\"},\"sameAs\":[\"https:\/\/linkedin.com\/company\/pousada-benassi-advogados-associados\/about\/\"]},{\"@type\":\"Person\",\"@id\":\"https:\/\/pousadaprado.adv.br\/#\/schema\/person\/4e8c376865e88b6c41c29af210f06d60\",\"name\":\"infra\",\"image\":{\"@type\":\"ImageObject\",\"inLanguage\":\"es\",\"@id\":\"https:\/\/pousadaprado.adv.br\/#\/schema\/person\/image\/\",\"url\":\"https:\/\/secure.gravatar.com\/avatar\/89ca1c60ae2aa52cdef616e2fe5b1702?s=96&d=mm&r=g\",\"contentUrl\":\"https:\/\/secure.gravatar.com\/avatar\/89ca1c60ae2aa52cdef616e2fe5b1702?s=96&d=mm&r=g\",\"caption\":\"infra\"},\"sameAs\":[\"https:\/\/pousadaprado.adv.br\"],\"url\":\"https:\/\/pousadaprado.adv.br\/es\/author\/infra\/\"}]}<\/script>\n<!-- \/ Yoast SEO Premium plugin. -->","yoast_head_json":{"title":"Expansi\u00f3n de la Marca Espa\u00f1a en Brasil - Pousada Prado","robots":{"index":"index","follow":"follow","max-snippet":"max-snippet:-1","max-image-preview":"max-image-preview:large","max-video-preview":"max-video-preview:-1"},"canonical":"https:\/\/pousadaprado.adv.br\/es\/expansao-da-marca-espanha-no-brasil\/","og_locale":"es_ES","og_type":"article","og_title":"Expansi\u00f3n de la Marca Espa\u00f1a en Brasil","og_description":"Felipe Pousada y Embajadora Mar\u00eda del Mar Fern\u00e1ndez Carmona Las entidades y ayuntamientos de la Embajada de Espa\u00f1a en Brasil unieron esfuerzos para fortalecer la \u201cMarca Espa\u00f1a\u201d en el pa\u00eds, una iniciativa que se retom\u00f3 tras ser interrumpida por la pandemia. Este movimiento busca ampliar la influencia cultural y social espa\u00f1ola a trav\u00e9s de la...","og_url":"https:\/\/pousadaprado.adv.br\/es\/expansao-da-marca-espanha-no-brasil\/","og_site_name":"Pousada Prado","article_published_time":"2024-05-22T15:32:00+00:00","article_modified_time":"2024-08-28T13:19:45+00:00","og_image":[{"width":1280,"height":1041,"url":"https:\/\/pousadaprado.adv.br\/wp-content\/uploads\/2024\/07\/Pousada-Prado-advogados-n2.jpg","type":"image\/jpeg"}],"author":"infra","twitter_card":"summary_large_image","twitter_misc":{"Escrito por":"infra","Tiempo de lectura":"2 minutos"},"schema":{"@context":"https:\/\/schema.org","@graph":[{"@type":"Article","@id":"https:\/\/pousadaprado.adv.br\/es\/expansao-da-marca-espanha-no-brasil\/#article","isPartOf":{"@id":"https:\/\/pousadaprado.adv.br\/es\/expansao-da-marca-espanha-no-brasil\/"},"author":{"name":"infra","@id":"https:\/\/pousadaprado.adv.br\/#\/schema\/person\/4e8c376865e88b6c41c29af210f06d60"},"headline":"Expansi\u00f3n de la Marca Espa\u00f1a en Brasil","datePublished":"2024-05-22T15:32:00+00:00","dateModified":"2024-08-28T13:19:45+00:00","mainEntityOfPage":{"@id":"https:\/\/pousadaprado.adv.br\/es\/expansao-da-marca-espanha-no-brasil\/"},"wordCount":231,"commentCount":0,"publisher":{"@id":"https:\/\/pousadaprado.adv.br\/#organization"},"image":{"@id":"https:\/\/pousadaprado.adv.br\/es\/expansao-da-marca-espanha-no-brasil\/#primaryimage"},"thumbnailUrl":"https:\/\/pousadaprado.adv.br\/wp-content\/uploads\/2024\/07\/Pousada-Prado-advogados-n2.jpg","keywords":["AEGASP","Brasil","Espanha","FEHB","Marca Espanha"],"articleSection":["Insights","Noticias"],"inLanguage":"es","potentialAction":[{"@type":"CommentAction","name":"Comment","target":["https:\/\/pousadaprado.adv.br\/es\/expansao-da-marca-espanha-no-brasil\/#respond"]}]},{"@type":"WebPage","@id":"https:\/\/pousadaprado.adv.br\/es\/expansao-da-marca-espanha-no-brasil\/","url":"https:\/\/pousadaprado.adv.br\/es\/expansao-da-marca-espanha-no-brasil\/","name":"Expansi\u00f3n de la Marca Espa\u00f1a en Brasil - Pousada Prado","isPartOf":{"@id":"https:\/\/pousadaprado.adv.br\/#website"},"primaryImageOfPage":{"@id":"https:\/\/pousadaprado.adv.br\/es\/expansao-da-marca-espanha-no-brasil\/#primaryimage"},"image":{"@id":"https:\/\/pousadaprado.adv.br\/es\/expansao-da-marca-espanha-no-brasil\/#primaryimage"},"thumbnailUrl":"https:\/\/pousadaprado.adv.br\/wp-content\/uploads\/2024\/07\/Pousada-Prado-advogados-n2.jpg","datePublished":"2024-05-22T15:32:00+00:00","dateModified":"2024-08-28T13:19:45+00:00","breadcrumb":{"@id":"https:\/\/pousadaprado.adv.br\/es\/expansao-da-marca-espanha-no-brasil\/#breadcrumb"},"inLanguage":"es","potentialAction":[{"@type":"ReadAction","target":["https:\/\/pousadaprado.adv.br\/es\/expansao-da-marca-espanha-no-brasil\/"]}]},{"@type":"ImageObject","inLanguage":"es","@id":"https:\/\/pousadaprado.adv.br\/es\/expansao-da-marca-espanha-no-brasil\/#primaryimage","url":"https:\/\/pousadaprado.adv.br\/wp-content\/uploads\/2024\/07\/Pousada-Prado-advogados-n2.jpg","contentUrl":"https:\/\/pousadaprado.adv.br\/wp-content\/uploads\/2024\/07\/Pousada-Prado-advogados-n2.jpg","width":1280,"height":1041},{"@type":"BreadcrumbList","@id":"https:\/\/pousadaprado.adv.br\/es\/expansao-da-marca-espanha-no-brasil\/#breadcrumb","itemListElement":[{"@type":"ListItem","position":1,"name":"In\u00edcio","item":"https:\/\/pousadaprado.adv.br\/"},{"@type":"ListItem","position":2,"name":"Expansi\u00f3n de la Marca Espa\u00f1a en Brasil"}]},{"@type":"WebSite","@id":"https:\/\/pousadaprado.adv.br\/#website","url":"https:\/\/pousadaprado.adv.br\/","name":"Pousada Prado","description":"Advogados Associados","publisher":{"@id":"https:\/\/pousadaprado.adv.br\/#organization"},"potentialAction":[{"@type":"SearchAction","target":{"@type":"EntryPoint","urlTemplate":"https:\/\/pousadaprado.adv.br\/?s={search_term_string}"},"query-input":"required name=search_term_string"}],"inLanguage":"es"},{"@type":"Organization","@id":"https:\/\/pousadaprado.adv.br\/#organization","name":"Pousada Prado","url":"https:\/\/pousadaprado.adv.br\/","logo":{"@type":"ImageObject","inLanguage":"es","@id":"https:\/\/pousadaprado.adv.br\/#\/schema\/logo\/image\/","url":"https:\/\/pousadaprado.adv.br\/wp-content\/uploads\/2023\/09\/PPAA_logotipo-horizontal-principal.svg","contentUrl":"https:\/\/pousadaprado.adv.br\/wp-content\/uploads\/2023\/09\/PPAA_logotipo-horizontal-principal.svg","width":348,"height":52,"caption":"Pousada Prado"},"image":{"@id":"https:\/\/pousadaprado.adv.br\/#\/schema\/logo\/image\/"},"sameAs":["https:\/\/linkedin.com\/company\/pousada-benassi-advogados-associados\/about\/"]},{"@type":"Person","@id":"https:\/\/pousadaprado.adv.br\/#\/schema\/person\/4e8c376865e88b6c41c29af210f06d60","name":"infra","image":{"@type":"ImageObject","inLanguage":"es","@id":"https:\/\/pousadaprado.adv.br\/#\/schema\/person\/image\/","url":"https:\/\/secure.gravatar.com\/avatar\/89ca1c60ae2aa52cdef616e2fe5b1702?s=96&d=mm&r=g","contentUrl":"https:\/\/secure.gravatar.com\/avatar\/89ca1c60ae2aa52cdef616e2fe5b1702?s=96&d=mm&r=g","caption":"infra"},"sameAs":["https:\/\/pousadaprado.adv.br"],"url":"https:\/\/pousadaprado.adv.br\/es\/author\/infra\/"}]}},"_links":{"self":[{"href":"https:\/\/pousadaprado.adv.br\/es\/wp-json\/wp\/v2\/posts\/989868"}],"collection":[{"href":"https:\/\/pousadaprado.adv.br\/es\/wp-json\/wp\/v2\/posts"}],"about":[{"href":"https:\/\/pousadaprado.adv.br\/es\/wp-json\/wp\/v2\/types\/post"}],"author":[{"embeddable":true,"href":"https:\/\/pousadaprado.adv.br\/es\/wp-json\/wp\/v2\/users\/1"}],"replies":[{"embeddable":true,"href":"https:\/\/pousadaprado.adv.br\/es\/wp-json\/wp\/v2\/comments?post=989868"}],"version-history":[{"count":6,"href":"https:\/\/pousadaprado.adv.br\/es\/wp-json\/wp\/v2\/posts\/989868\/revisions"}],"predecessor-version":[{"id":989891,"href":"https:\/\/pousadaprado.adv.br\/es\/wp-json\/wp\/v2\/posts\/989868\/revisions\/989891"}],"wp:featuredmedia":[{"embeddable":true,"href":"https:\/\/pousadaprado.adv.br\/es\/wp-json\/wp\/v2\/media\/989536"}],"wp:attachment":[{"href":"https:\/\/pousadaprado.adv.br\/es\/wp-json\/wp\/v2\/media?parent=989868"}],"wp:term":[{"taxonomy":"category","embeddable":true,"href":"https:\/\/pousadaprado.adv.br\/es\/wp-json\/wp\/v2\/categories?post=989868"},{"taxonomy":"post_tag","embeddable":true,"href":"https:\/\/pousadaprado.adv.br\/es\/wp-json\/wp\/v2\/tags?post=989868"}],"curies":[{"name":"wp","href":"https:\/\/api.w.org\/{rel}","templated":true}]}}