{"id":989869,"date":"2024-03-21T11:31:29","date_gmt":"2024-03-21T14:31:29","guid":{"rendered":"https:\/\/pousadaprado.adv.br\/orgaos-de-administracao-das-sociedades-anonimas\/"},"modified":"2024-08-28T10:25:35","modified_gmt":"2024-08-28T13:25:35","slug":"orgaos-de-administracao-das-sociedades-anonimas","status":"publish","type":"post","link":"https:\/\/pousadaprado.adv.br\/es\/orgaos-de-administracao-das-sociedades-anonimas\/","title":{"rendered":"\u00d3rganos de administraci\u00f3n de las sociedades an\u00f3nimas"},"content":{"rendered":"\t\t<div data-elementor-type=\"wp-post\" data-elementor-id=\"989869\" class=\"elementor elementor-989869 elementor-988425\" data-elementor-post-type=\"post\">\n\t\t\t\t\t\t<section class=\"elementor-section elementor-top-section elementor-element elementor-element-196383f7 elementor-section-boxed elementor-section-height-default elementor-section-height-default\" data-id=\"196383f7\" data-element_type=\"section\">\n\t\t\t\t\t\t<div class=\"elementor-container elementor-column-gap-no\">\n\t\t\t\t\t<div class=\"elementor-column elementor-col-100 elementor-top-column elementor-element elementor-element-9370cc0\" data-id=\"9370cc0\" data-element_type=\"column\">\n\t\t\t<div class=\"elementor-widget-wrap elementor-element-populated\">\n\t\t\t\t\t\t<div class=\"vamtam-has-theme-widget-styles elementor-element elementor-element-2b6e867b elementor-widget elementor-widget-image\" data-id=\"2b6e867b\" data-element_type=\"widget\" data-widget_type=\"image.default\">\n\t\t\t\t<div class=\"elementor-widget-container\">\n\t\t\t<style>\/*! elementor - v3.20.0 - 20-03-2024 *\/\n.elementor-widget-image{text-align:center}.elementor-widget-image a{display:inline-block}.elementor-widget-image a img[src$=\".svg\"]{width:48px}.elementor-widget-image img{vertical-align:middle;display:inline-block}<\/style>\t\t\t\t<div class=\"elementor-image\">\n\t\t\t\t\t\t\t\t\t\t\t\t\t\t\t\t\t\t\t\t\t<img fetchpriority=\"high\" decoding=\"async\" width=\"1024\" height=\"683\" src=\"https:\/\/pousadaprado.adv.br\/wp-content\/uploads\/2014\/03\/Pousada-Prado-Advogados-Sociedade-Anonima-2-1024x683.jpg\" class=\"attachment-large size-large wp-image-988459\" alt=\"\" srcset=\"https:\/\/pousadaprado.adv.br\/wp-content\/uploads\/2014\/03\/Pousada-Prado-Advogados-Sociedade-Anonima-2-1024x683.jpg 1024w, https:\/\/pousadaprado.adv.br\/wp-content\/uploads\/2014\/03\/Pousada-Prado-Advogados-Sociedade-Anonima-2-300x200.jpg 300w, https:\/\/pousadaprado.adv.br\/wp-content\/uploads\/2014\/03\/Pousada-Prado-Advogados-Sociedade-Anonima-2-768x512.jpg 768w, https:\/\/pousadaprado.adv.br\/wp-content\/uploads\/2014\/03\/Pousada-Prado-Advogados-Sociedade-Anonima-2-1536x1024.jpg 1536w, https:\/\/pousadaprado.adv.br\/wp-content\/uploads\/2014\/03\/Pousada-Prado-Advogados-Sociedade-Anonima-2-2048x1365.jpg 2048w\" sizes=\"(max-width: 1024px) 100vw, 1024px\" \/>\t\t\t\t\t\t\t\t\t\t\t\t\t\t\t\t\t\t\t\t\t\t\t\t<\/div>\n\t\t\t\t\t\t<\/div>\n\t\t\t\t<\/div>\n\t\t\t\t\t<\/div>\n\t\t<\/div>\n\t\t\t\t\t<\/div>\n\t\t<\/section>\n\t\t\t\t<section class=\"elementor-section elementor-top-section elementor-element elementor-element-56be0a26 elementor-section-boxed elementor-section-height-default elementor-section-height-default\" data-id=\"56be0a26\" data-element_type=\"section\">\n\t\t\t\t\t\t<div class=\"elementor-container elementor-column-gap-no\">\n\t\t\t\t\t<div class=\"elementor-column elementor-col-100 elementor-top-column elementor-element elementor-element-5ac35f93\" data-id=\"5ac35f93\" data-element_type=\"column\">\n\t\t\t<div class=\"elementor-widget-wrap elementor-element-populated\">\n\t\t\t\t\t\t<div class=\"elementor-element elementor-element-2e3a475 elementor-widget elementor-widget-text-editor\" data-id=\"2e3a475\" data-element_type=\"widget\" data-widget_type=\"text-editor.default\">\n\t\t\t\t<div class=\"elementor-widget-container\">\n\t\t\t<style>\/*! elementor - v3.20.0 - 20-03-2024 *\/\n.elementor-widget-text-editor.elementor-drop-cap-view-stacked .elementor-drop-cap{background-color:#69727d;color:#fff}.elementor-widget-text-editor.elementor-drop-cap-view-framed .elementor-drop-cap{color:#69727d;border:3px solid;background-color:transparent}.elementor-widget-text-editor:not(.elementor-drop-cap-view-default) .elementor-drop-cap{margin-top:8px}.elementor-widget-text-editor:not(.elementor-drop-cap-view-default) .elementor-drop-cap-letter{width:1em;height:1em}.elementor-widget-text-editor .elementor-drop-cap{float:left;text-align:center;line-height:1;font-size:50px}.elementor-widget-text-editor .elementor-drop-cap-letter{display:inline-block}<\/style>\t\t\t\t<p>En los actuales tiempos de dinamismo econ\u00f3mico, la adopci\u00f3n de sociedades an\u00f3nimas en Brasil, ya sea por su simple constituci\u00f3n, o por simple transformaci\u00f3n de sociedad an\u00f3nima, ha sido el escaparate de numerosos procesos de reorganizaci\u00f3n societaria, y de fusiones y adquisiciones empresariales, en muchos casos. , con participaci\u00f3n extranjera.<\/p><p>Aunque no tenemos un n\u00famero exacto, se estima que, en Brasil, el n\u00famero final de sociedades an\u00f3nimas existentes representa menos del 10% (diez por ciento) del total de todas las empresas comerciales en funcionamiento, sin embargo, este n\u00famero, poco a poco tiende a aumentar.<\/p><p>Y, como resultado de este aumento, aunque gradual, muchos grupos econ\u00f3micos nacionales e internacionales, en muchos casos peque\u00f1os y medianos grupos econ\u00f3micos extranjeros, en busca de expansi\u00f3n e internacionalizaci\u00f3n de sus actividades econ\u00f3micas, han optado en Brasil por adoptar una sociedad por acciones. .<\/p><p>Sin embargo, estos mismos grupos empresariales no siempre cumplen con los requisitos legales para llenar los \u00f3rganos de administraci\u00f3n de una sociedad an\u00f3nima, es decir: (i) el Directorio; y, (ii) el Consejo de Administraci\u00f3n.<\/p><p>La Ley Federal 6404, de 15 de diciembre de 1976, que regula el funcionamiento de las sociedades an\u00f3nimas en Brasil, es clara y objetiva en cuanto a la instituci\u00f3n y funcionamiento de sus \u00f3rganos de administraci\u00f3n. Por lo tanto, inferimos que la Junta Directiva es obligatoria para las Sociedades que cotizan en bolsa, es decir, obligatoria para aquellas Sociedades con acciones que cotizan en Bolsa. Por otro lado, el mismo consejo de administraci\u00f3n ahora es opcional para las empresas privadas.<\/p><p>En cuanto a la instituci\u00f3n del Consejo de Administraci\u00f3n, destacamos que independientemente de la clasificaci\u00f3n de su capital, abierto o cerrado, su constituci\u00f3n es obligatoria para ambos, por ser el \u00f3rgano de representaci\u00f3n de la Sociedad.<\/p><p>Entre algunas de las funciones legales reservadas al Consejo de Administraci\u00f3n, destacamos la de establecer la orientaci\u00f3n jur\u00eddica de los negocios de la Sociedad, as\u00ed como la elecci\u00f3n y supervisi\u00f3n de la gesti\u00f3n de sus Directivos (art. 142), funci\u00f3n que, en su defecto, es ejercido por la Asamblea General.<\/p><p>Sin embargo, es en la forma de composici\u00f3n de los miembros de ambos \u00f3rganos directivos donde hemos visto la mayor dificultad por parte de estos peque\u00f1os y medianos grupos empresariales, lo que dificulta toda la planificaci\u00f3n estrat\u00e9gica trazada por ellos en su operativa.<\/p><p>Hasta la nueva redacci\u00f3n del art. 146 de la Ley nr. 6.404\/1976, recientemente modificada por la Ley n\u00ba 12.431\/2011, la funci\u00f3n de miembro del Consejo de Administraci\u00f3n era exclusiva de los accionistas de la Sociedad. Con la promulgaci\u00f3n de la citada ley, esta obligaci\u00f3n perdi\u00f3 su significado, posibilitando la elecci\u00f3n de miembros no accionistas del mencionado Consejo.<\/p><p>Si bien no se ha modificado el n\u00famero m\u00ednimo para la composici\u00f3n de sus miembros, que se mantiene en un m\u00ednimo de 3 (tres) personas, elegidas y destituidas por la Asamblea General de la Sociedad, cabe destacar algunas particularidades, poco observadas, para el nombramiento. de tales miembros.<\/p>\t\t\t\t\t\t<\/div>\n\t\t\t\t<\/div>\n\t\t\t\t\t<\/div>\n\t\t<\/div>\n\t\t\t\t\t<\/div>\n\t\t<\/section>\n\t\t\t\t<\/div>\n\t\t","protected":false},"excerpt":{"rendered":"<p>En los actuales tiempos de dinamismo econ\u00f3mico, la adopci\u00f3n de sociedades an\u00f3nimas en Brasil, ya sea por su simple constituci\u00f3n, o por simple transformaci\u00f3n de sociedad an\u00f3nima, ha sido el escaparate de numerosos procesos de reorganizaci\u00f3n societaria, y de fusiones y adquisiciones empresariales, en muchos casos. , con participaci\u00f3n extranjera. Aunque no tenemos un n\u00famero&#8230;<\/p>\n","protected":false},"author":1,"featured_media":989507,"comment_status":"open","ping_status":"open","sticky":false,"template":"","format":"standard","meta":{"inline_featured_image":false,"footnotes":""},"categories":[103,102],"tags":[113,114,115,116],"class_list":["post-989869","post","type-post","status-publish","format-standard","has-post-thumbnail","hentry","category-insights-es","category-legislacion","tag-capital-aberto-es","tag-conselho-de-administracao-es","tag-rne-es","tag-sa-es"],"yoast_head":"<!-- This site is optimized with the Yoast SEO Premium plugin v21.3 (Yoast SEO v22.3) - https:\/\/yoast.com\/wordpress\/plugins\/seo\/ -->\n<title>\u00d3rganos de administraci\u00f3n de las sociedades an\u00f3nimas - Pousada Prado<\/title>\n<meta name=\"robots\" content=\"index, follow, max-snippet:-1, max-image-preview:large, max-video-preview:-1\" \/>\n<link rel=\"canonical\" href=\"https:\/\/pousadaprado.adv.br\/es\/orgaos-de-administracao-das-sociedades-anonimas\/\" \/>\n<meta property=\"og:locale\" content=\"es_ES\" \/>\n<meta property=\"og:type\" content=\"article\" \/>\n<meta property=\"og:title\" content=\"\u00d3rganos de administraci\u00f3n de las sociedades an\u00f3nimas\" \/>\n<meta property=\"og:description\" content=\"En los actuales tiempos de dinamismo econ\u00f3mico, la adopci\u00f3n de sociedades an\u00f3nimas en Brasil, ya sea por su simple constituci\u00f3n, o por simple transformaci\u00f3n de sociedad an\u00f3nima, ha sido el escaparate de numerosos procesos de reorganizaci\u00f3n societaria, y de fusiones y adquisiciones empresariales, en muchos casos. , con participaci\u00f3n extranjera. Aunque no tenemos un n\u00famero...\" \/>\n<meta property=\"og:url\" content=\"https:\/\/pousadaprado.adv.br\/es\/orgaos-de-administracao-das-sociedades-anonimas\/\" \/>\n<meta property=\"og:site_name\" content=\"Pousada Prado\" \/>\n<meta property=\"article:published_time\" content=\"2024-03-21T14:31:29+00:00\" \/>\n<meta property=\"article:modified_time\" content=\"2024-08-28T13:25:35+00:00\" \/>\n<meta property=\"og:image\" content=\"https:\/\/pousadaprado.adv.br\/wp-content\/uploads\/2014\/03\/Pousada-Prado-Advogados-Sociedade-Anonima-2-scaled.jpg\" \/>\n\t<meta property=\"og:image:width\" content=\"2560\" \/>\n\t<meta property=\"og:image:height\" content=\"1707\" \/>\n\t<meta property=\"og:image:type\" content=\"image\/jpeg\" \/>\n<meta name=\"author\" content=\"infra\" \/>\n<meta name=\"twitter:card\" content=\"summary_large_image\" \/>\n<meta name=\"twitter:label1\" content=\"Escrito por\" \/>\n\t<meta name=\"twitter:data1\" content=\"infra\" \/>\n\t<meta name=\"twitter:label2\" content=\"Tiempo de lectura\" \/>\n\t<meta name=\"twitter:data2\" content=\"3 minutos\" \/>\n<script type=\"application\/ld+json\" class=\"yoast-schema-graph\">{\"@context\":\"https:\/\/schema.org\",\"@graph\":[{\"@type\":\"Article\",\"@id\":\"https:\/\/pousadaprado.adv.br\/es\/orgaos-de-administracao-das-sociedades-anonimas\/#article\",\"isPartOf\":{\"@id\":\"https:\/\/pousadaprado.adv.br\/es\/orgaos-de-administracao-das-sociedades-anonimas\/\"},\"author\":{\"name\":\"infra\",\"@id\":\"https:\/\/pousadaprado.adv.br\/#\/schema\/person\/4e8c376865e88b6c41c29af210f06d60\"},\"headline\":\"\u00d3rganos de administraci\u00f3n de las sociedades an\u00f3nimas\",\"datePublished\":\"2024-03-21T14:31:29+00:00\",\"dateModified\":\"2024-08-28T13:25:35+00:00\",\"mainEntityOfPage\":{\"@id\":\"https:\/\/pousadaprado.adv.br\/es\/orgaos-de-administracao-das-sociedades-anonimas\/\"},\"wordCount\":533,\"commentCount\":0,\"publisher\":{\"@id\":\"https:\/\/pousadaprado.adv.br\/#organization\"},\"image\":{\"@id\":\"https:\/\/pousadaprado.adv.br\/es\/orgaos-de-administracao-das-sociedades-anonimas\/#primaryimage\"},\"thumbnailUrl\":\"https:\/\/pousadaprado.adv.br\/wp-content\/uploads\/2014\/03\/Pousada-Prado-Advogados-Sociedade-Anonima-2-scaled.jpg\",\"keywords\":[\"Capital Aberto\",\"Conselho de administra\u00e7\u00e3o\",\"RNE\",\"SA\"],\"articleSection\":[\"Insights\",\"Legislaci\u00f3n\"],\"inLanguage\":\"es\",\"potentialAction\":[{\"@type\":\"CommentAction\",\"name\":\"Comment\",\"target\":[\"https:\/\/pousadaprado.adv.br\/es\/orgaos-de-administracao-das-sociedades-anonimas\/#respond\"]}]},{\"@type\":\"WebPage\",\"@id\":\"https:\/\/pousadaprado.adv.br\/es\/orgaos-de-administracao-das-sociedades-anonimas\/\",\"url\":\"https:\/\/pousadaprado.adv.br\/es\/orgaos-de-administracao-das-sociedades-anonimas\/\",\"name\":\"\u00d3rganos de administraci\u00f3n de las sociedades an\u00f3nimas - Pousada Prado\",\"isPartOf\":{\"@id\":\"https:\/\/pousadaprado.adv.br\/#website\"},\"primaryImageOfPage\":{\"@id\":\"https:\/\/pousadaprado.adv.br\/es\/orgaos-de-administracao-das-sociedades-anonimas\/#primaryimage\"},\"image\":{\"@id\":\"https:\/\/pousadaprado.adv.br\/es\/orgaos-de-administracao-das-sociedades-anonimas\/#primaryimage\"},\"thumbnailUrl\":\"https:\/\/pousadaprado.adv.br\/wp-content\/uploads\/2014\/03\/Pousada-Prado-Advogados-Sociedade-Anonima-2-scaled.jpg\",\"datePublished\":\"2024-03-21T14:31:29+00:00\",\"dateModified\":\"2024-08-28T13:25:35+00:00\",\"breadcrumb\":{\"@id\":\"https:\/\/pousadaprado.adv.br\/es\/orgaos-de-administracao-das-sociedades-anonimas\/#breadcrumb\"},\"inLanguage\":\"es\",\"potentialAction\":[{\"@type\":\"ReadAction\",\"target\":[\"https:\/\/pousadaprado.adv.br\/es\/orgaos-de-administracao-das-sociedades-anonimas\/\"]}]},{\"@type\":\"ImageObject\",\"inLanguage\":\"es\",\"@id\":\"https:\/\/pousadaprado.adv.br\/es\/orgaos-de-administracao-das-sociedades-anonimas\/#primaryimage\",\"url\":\"https:\/\/pousadaprado.adv.br\/wp-content\/uploads\/2014\/03\/Pousada-Prado-Advogados-Sociedade-Anonima-2-scaled.jpg\",\"contentUrl\":\"https:\/\/pousadaprado.adv.br\/wp-content\/uploads\/2014\/03\/Pousada-Prado-Advogados-Sociedade-Anonima-2-scaled.jpg\",\"width\":2560,\"height\":1707},{\"@type\":\"BreadcrumbList\",\"@id\":\"https:\/\/pousadaprado.adv.br\/es\/orgaos-de-administracao-das-sociedades-anonimas\/#breadcrumb\",\"itemListElement\":[{\"@type\":\"ListItem\",\"position\":1,\"name\":\"In\u00edcio\",\"item\":\"https:\/\/pousadaprado.adv.br\/\"},{\"@type\":\"ListItem\",\"position\":2,\"name\":\"\u00d3rganos de administraci\u00f3n de las sociedades an\u00f3nimas\"}]},{\"@type\":\"WebSite\",\"@id\":\"https:\/\/pousadaprado.adv.br\/#website\",\"url\":\"https:\/\/pousadaprado.adv.br\/\",\"name\":\"Pousada Prado\",\"description\":\"Advogados Associados\",\"publisher\":{\"@id\":\"https:\/\/pousadaprado.adv.br\/#organization\"},\"potentialAction\":[{\"@type\":\"SearchAction\",\"target\":{\"@type\":\"EntryPoint\",\"urlTemplate\":\"https:\/\/pousadaprado.adv.br\/?s={search_term_string}\"},\"query-input\":\"required name=search_term_string\"}],\"inLanguage\":\"es\"},{\"@type\":\"Organization\",\"@id\":\"https:\/\/pousadaprado.adv.br\/#organization\",\"name\":\"Pousada Prado\",\"url\":\"https:\/\/pousadaprado.adv.br\/\",\"logo\":{\"@type\":\"ImageObject\",\"inLanguage\":\"es\",\"@id\":\"https:\/\/pousadaprado.adv.br\/#\/schema\/logo\/image\/\",\"url\":\"https:\/\/pousadaprado.adv.br\/wp-content\/uploads\/2023\/09\/PPAA_logotipo-horizontal-principal.svg\",\"contentUrl\":\"https:\/\/pousadaprado.adv.br\/wp-content\/uploads\/2023\/09\/PPAA_logotipo-horizontal-principal.svg\",\"width\":348,\"height\":52,\"caption\":\"Pousada Prado\"},\"image\":{\"@id\":\"https:\/\/pousadaprado.adv.br\/#\/schema\/logo\/image\/\"},\"sameAs\":[\"https:\/\/linkedin.com\/company\/pousada-benassi-advogados-associados\/about\/\"]},{\"@type\":\"Person\",\"@id\":\"https:\/\/pousadaprado.adv.br\/#\/schema\/person\/4e8c376865e88b6c41c29af210f06d60\",\"name\":\"infra\",\"image\":{\"@type\":\"ImageObject\",\"inLanguage\":\"es\",\"@id\":\"https:\/\/pousadaprado.adv.br\/#\/schema\/person\/image\/\",\"url\":\"https:\/\/secure.gravatar.com\/avatar\/89ca1c60ae2aa52cdef616e2fe5b1702?s=96&d=mm&r=g\",\"contentUrl\":\"https:\/\/secure.gravatar.com\/avatar\/89ca1c60ae2aa52cdef616e2fe5b1702?s=96&d=mm&r=g\",\"caption\":\"infra\"},\"sameAs\":[\"https:\/\/pousadaprado.adv.br\"],\"url\":\"https:\/\/pousadaprado.adv.br\/es\/author\/infra\/\"}]}<\/script>\n<!-- \/ Yoast SEO Premium plugin. -->","yoast_head_json":{"title":"\u00d3rganos de administraci\u00f3n de las sociedades an\u00f3nimas - Pousada Prado","robots":{"index":"index","follow":"follow","max-snippet":"max-snippet:-1","max-image-preview":"max-image-preview:large","max-video-preview":"max-video-preview:-1"},"canonical":"https:\/\/pousadaprado.adv.br\/es\/orgaos-de-administracao-das-sociedades-anonimas\/","og_locale":"es_ES","og_type":"article","og_title":"\u00d3rganos de administraci\u00f3n de las sociedades an\u00f3nimas","og_description":"En los actuales tiempos de dinamismo econ\u00f3mico, la adopci\u00f3n de sociedades an\u00f3nimas en Brasil, ya sea por su simple constituci\u00f3n, o por simple transformaci\u00f3n de sociedad an\u00f3nima, ha sido el escaparate de numerosos procesos de reorganizaci\u00f3n societaria, y de fusiones y adquisiciones empresariales, en muchos casos. , con participaci\u00f3n extranjera. Aunque no tenemos un n\u00famero...","og_url":"https:\/\/pousadaprado.adv.br\/es\/orgaos-de-administracao-das-sociedades-anonimas\/","og_site_name":"Pousada Prado","article_published_time":"2024-03-21T14:31:29+00:00","article_modified_time":"2024-08-28T13:25:35+00:00","og_image":[{"width":2560,"height":1707,"url":"https:\/\/pousadaprado.adv.br\/wp-content\/uploads\/2014\/03\/Pousada-Prado-Advogados-Sociedade-Anonima-2-scaled.jpg","type":"image\/jpeg"}],"author":"infra","twitter_card":"summary_large_image","twitter_misc":{"Escrito por":"infra","Tiempo de lectura":"3 minutos"},"schema":{"@context":"https:\/\/schema.org","@graph":[{"@type":"Article","@id":"https:\/\/pousadaprado.adv.br\/es\/orgaos-de-administracao-das-sociedades-anonimas\/#article","isPartOf":{"@id":"https:\/\/pousadaprado.adv.br\/es\/orgaos-de-administracao-das-sociedades-anonimas\/"},"author":{"name":"infra","@id":"https:\/\/pousadaprado.adv.br\/#\/schema\/person\/4e8c376865e88b6c41c29af210f06d60"},"headline":"\u00d3rganos de administraci\u00f3n de las sociedades an\u00f3nimas","datePublished":"2024-03-21T14:31:29+00:00","dateModified":"2024-08-28T13:25:35+00:00","mainEntityOfPage":{"@id":"https:\/\/pousadaprado.adv.br\/es\/orgaos-de-administracao-das-sociedades-anonimas\/"},"wordCount":533,"commentCount":0,"publisher":{"@id":"https:\/\/pousadaprado.adv.br\/#organization"},"image":{"@id":"https:\/\/pousadaprado.adv.br\/es\/orgaos-de-administracao-das-sociedades-anonimas\/#primaryimage"},"thumbnailUrl":"https:\/\/pousadaprado.adv.br\/wp-content\/uploads\/2014\/03\/Pousada-Prado-Advogados-Sociedade-Anonima-2-scaled.jpg","keywords":["Capital Aberto","Conselho de administra\u00e7\u00e3o","RNE","SA"],"articleSection":["Insights","Legislaci\u00f3n"],"inLanguage":"es","potentialAction":[{"@type":"CommentAction","name":"Comment","target":["https:\/\/pousadaprado.adv.br\/es\/orgaos-de-administracao-das-sociedades-anonimas\/#respond"]}]},{"@type":"WebPage","@id":"https:\/\/pousadaprado.adv.br\/es\/orgaos-de-administracao-das-sociedades-anonimas\/","url":"https:\/\/pousadaprado.adv.br\/es\/orgaos-de-administracao-das-sociedades-anonimas\/","name":"\u00d3rganos de administraci\u00f3n de las sociedades an\u00f3nimas - Pousada Prado","isPartOf":{"@id":"https:\/\/pousadaprado.adv.br\/#website"},"primaryImageOfPage":{"@id":"https:\/\/pousadaprado.adv.br\/es\/orgaos-de-administracao-das-sociedades-anonimas\/#primaryimage"},"image":{"@id":"https:\/\/pousadaprado.adv.br\/es\/orgaos-de-administracao-das-sociedades-anonimas\/#primaryimage"},"thumbnailUrl":"https:\/\/pousadaprado.adv.br\/wp-content\/uploads\/2014\/03\/Pousada-Prado-Advogados-Sociedade-Anonima-2-scaled.jpg","datePublished":"2024-03-21T14:31:29+00:00","dateModified":"2024-08-28T13:25:35+00:00","breadcrumb":{"@id":"https:\/\/pousadaprado.adv.br\/es\/orgaos-de-administracao-das-sociedades-anonimas\/#breadcrumb"},"inLanguage":"es","potentialAction":[{"@type":"ReadAction","target":["https:\/\/pousadaprado.adv.br\/es\/orgaos-de-administracao-das-sociedades-anonimas\/"]}]},{"@type":"ImageObject","inLanguage":"es","@id":"https:\/\/pousadaprado.adv.br\/es\/orgaos-de-administracao-das-sociedades-anonimas\/#primaryimage","url":"https:\/\/pousadaprado.adv.br\/wp-content\/uploads\/2014\/03\/Pousada-Prado-Advogados-Sociedade-Anonima-2-scaled.jpg","contentUrl":"https:\/\/pousadaprado.adv.br\/wp-content\/uploads\/2014\/03\/Pousada-Prado-Advogados-Sociedade-Anonima-2-scaled.jpg","width":2560,"height":1707},{"@type":"BreadcrumbList","@id":"https:\/\/pousadaprado.adv.br\/es\/orgaos-de-administracao-das-sociedades-anonimas\/#breadcrumb","itemListElement":[{"@type":"ListItem","position":1,"name":"In\u00edcio","item":"https:\/\/pousadaprado.adv.br\/"},{"@type":"ListItem","position":2,"name":"\u00d3rganos de administraci\u00f3n de las sociedades an\u00f3nimas"}]},{"@type":"WebSite","@id":"https:\/\/pousadaprado.adv.br\/#website","url":"https:\/\/pousadaprado.adv.br\/","name":"Pousada Prado","description":"Advogados Associados","publisher":{"@id":"https:\/\/pousadaprado.adv.br\/#organization"},"potentialAction":[{"@type":"SearchAction","target":{"@type":"EntryPoint","urlTemplate":"https:\/\/pousadaprado.adv.br\/?s={search_term_string}"},"query-input":"required name=search_term_string"}],"inLanguage":"es"},{"@type":"Organization","@id":"https:\/\/pousadaprado.adv.br\/#organization","name":"Pousada Prado","url":"https:\/\/pousadaprado.adv.br\/","logo":{"@type":"ImageObject","inLanguage":"es","@id":"https:\/\/pousadaprado.adv.br\/#\/schema\/logo\/image\/","url":"https:\/\/pousadaprado.adv.br\/wp-content\/uploads\/2023\/09\/PPAA_logotipo-horizontal-principal.svg","contentUrl":"https:\/\/pousadaprado.adv.br\/wp-content\/uploads\/2023\/09\/PPAA_logotipo-horizontal-principal.svg","width":348,"height":52,"caption":"Pousada Prado"},"image":{"@id":"https:\/\/pousadaprado.adv.br\/#\/schema\/logo\/image\/"},"sameAs":["https:\/\/linkedin.com\/company\/pousada-benassi-advogados-associados\/about\/"]},{"@type":"Person","@id":"https:\/\/pousadaprado.adv.br\/#\/schema\/person\/4e8c376865e88b6c41c29af210f06d60","name":"infra","image":{"@type":"ImageObject","inLanguage":"es","@id":"https:\/\/pousadaprado.adv.br\/#\/schema\/person\/image\/","url":"https:\/\/secure.gravatar.com\/avatar\/89ca1c60ae2aa52cdef616e2fe5b1702?s=96&d=mm&r=g","contentUrl":"https:\/\/secure.gravatar.com\/avatar\/89ca1c60ae2aa52cdef616e2fe5b1702?s=96&d=mm&r=g","caption":"infra"},"sameAs":["https:\/\/pousadaprado.adv.br"],"url":"https:\/\/pousadaprado.adv.br\/es\/author\/infra\/"}]}},"_links":{"self":[{"href":"https:\/\/pousadaprado.adv.br\/es\/wp-json\/wp\/v2\/posts\/989869"}],"collection":[{"href":"https:\/\/pousadaprado.adv.br\/es\/wp-json\/wp\/v2\/posts"}],"about":[{"href":"https:\/\/pousadaprado.adv.br\/es\/wp-json\/wp\/v2\/types\/post"}],"author":[{"embeddable":true,"href":"https:\/\/pousadaprado.adv.br\/es\/wp-json\/wp\/v2\/users\/1"}],"replies":[{"embeddable":true,"href":"https:\/\/pousadaprado.adv.br\/es\/wp-json\/wp\/v2\/comments?post=989869"}],"version-history":[{"count":6,"href":"https:\/\/pousadaprado.adv.br\/es\/wp-json\/wp\/v2\/posts\/989869\/revisions"}],"predecessor-version":[{"id":989897,"href":"https:\/\/pousadaprado.adv.br\/es\/wp-json\/wp\/v2\/posts\/989869\/revisions\/989897"}],"wp:featuredmedia":[{"embeddable":true,"href":"https:\/\/pousadaprado.adv.br\/es\/wp-json\/wp\/v2\/media\/989507"}],"wp:attachment":[{"href":"https:\/\/pousadaprado.adv.br\/es\/wp-json\/wp\/v2\/media?parent=989869"}],"wp:term":[{"taxonomy":"category","embeddable":true,"href":"https:\/\/pousadaprado.adv.br\/es\/wp-json\/wp\/v2\/categories?post=989869"},{"taxonomy":"post_tag","embeddable":true,"href":"https:\/\/pousadaprado.adv.br\/es\/wp-json\/wp\/v2\/tags?post=989869"}],"curies":[{"name":"wp","href":"https:\/\/api.w.org\/{rel}","templated":true}]}}