{"id":989871,"date":"2024-03-21T11:31:28","date_gmt":"2024-03-21T14:31:28","guid":{"rendered":"https:\/\/pousadaprado.adv.br\/atos-societarios-alem-das-formalidades-juridicas\/"},"modified":"2024-08-28T10:29:35","modified_gmt":"2024-08-28T13:29:35","slug":"atos-societarios-alem-das-formalidades-juridicas","status":"publish","type":"post","link":"https:\/\/pousadaprado.adv.br\/es\/atos-societarios-alem-das-formalidades-juridicas\/","title":{"rendered":"Actos corporativos m\u00e1s all\u00e1 de las formalidades legales"},"content":{"rendered":"\t\t<div data-elementor-type=\"wp-post\" data-elementor-id=\"989871\" class=\"elementor elementor-989871 elementor-988436\" data-elementor-post-type=\"post\">\n\t\t\t\t\t\t<section class=\"elementor-section elementor-top-section elementor-element elementor-element-196383f7 elementor-section-boxed elementor-section-height-default elementor-section-height-default\" data-id=\"196383f7\" data-element_type=\"section\">\n\t\t\t\t\t\t<div class=\"elementor-container elementor-column-gap-no\">\n\t\t\t\t\t<div class=\"elementor-column elementor-col-100 elementor-top-column elementor-element elementor-element-9370cc0\" data-id=\"9370cc0\" data-element_type=\"column\">\n\t\t\t<div class=\"elementor-widget-wrap elementor-element-populated\">\n\t\t\t\t\t\t<div class=\"vamtam-has-theme-widget-styles elementor-element elementor-element-2b6e867b elementor-widget elementor-widget-image\" data-id=\"2b6e867b\" data-element_type=\"widget\" data-widget_type=\"image.default\">\n\t\t\t\t<div class=\"elementor-widget-container\">\n\t\t\t<style>\/*! elementor - v3.20.0 - 20-03-2024 *\/\n.elementor-widget-image{text-align:center}.elementor-widget-image a{display:inline-block}.elementor-widget-image a img[src$=\".svg\"]{width:48px}.elementor-widget-image img{vertical-align:middle;display:inline-block}<\/style>\t\t\t\t<div class=\"elementor-image\">\n\t\t\t\t\t\t\t\t\t\t\t\t\t\t\t\t\t\t\t\t\t<img fetchpriority=\"high\" decoding=\"async\" width=\"1024\" height=\"683\" src=\"https:\/\/pousadaprado.adv.br\/wp-content\/uploads\/2014\/08\/Pousada-Prado-Advogados-Atos-societarios-1-1024x683.jpg\" class=\"attachment-large size-large wp-image-988451\" alt=\"\" srcset=\"https:\/\/pousadaprado.adv.br\/wp-content\/uploads\/2014\/08\/Pousada-Prado-Advogados-Atos-societarios-1-1024x683.jpg 1024w, https:\/\/pousadaprado.adv.br\/wp-content\/uploads\/2014\/08\/Pousada-Prado-Advogados-Atos-societarios-1-300x200.jpg 300w, https:\/\/pousadaprado.adv.br\/wp-content\/uploads\/2014\/08\/Pousada-Prado-Advogados-Atos-societarios-1-768x512.jpg 768w, https:\/\/pousadaprado.adv.br\/wp-content\/uploads\/2014\/08\/Pousada-Prado-Advogados-Atos-societarios-1-1536x1024.jpg 1536w, https:\/\/pousadaprado.adv.br\/wp-content\/uploads\/2014\/08\/Pousada-Prado-Advogados-Atos-societarios-1-2048x1365.jpg 2048w\" sizes=\"(max-width: 1024px) 100vw, 1024px\" \/>\t\t\t\t\t\t\t\t\t\t\t\t\t\t\t\t\t\t\t\t\t\t\t\t<\/div>\n\t\t\t\t\t\t<\/div>\n\t\t\t\t<\/div>\n\t\t\t\t\t<\/div>\n\t\t<\/div>\n\t\t\t\t\t<\/div>\n\t\t<\/section>\n\t\t\t\t<section class=\"elementor-section elementor-top-section elementor-element elementor-element-56be0a26 elementor-section-boxed elementor-section-height-default elementor-section-height-default\" data-id=\"56be0a26\" data-element_type=\"section\">\n\t\t\t\t\t\t<div class=\"elementor-container elementor-column-gap-no\">\n\t\t\t\t\t<div class=\"elementor-column elementor-col-100 elementor-top-column elementor-element elementor-element-5ac35f93\" data-id=\"5ac35f93\" data-element_type=\"column\">\n\t\t\t<div class=\"elementor-widget-wrap elementor-element-populated\">\n\t\t\t\t\t\t<div class=\"elementor-element elementor-element-2e3a475 elementor-widget__width-initial elementor-widget elementor-widget-text-editor\" data-id=\"2e3a475\" data-element_type=\"widget\" data-widget_type=\"text-editor.default\">\n\t\t\t\t<div class=\"elementor-widget-container\">\n\t\t\t<style>\/*! elementor - v3.20.0 - 20-03-2024 *\/\n.elementor-widget-text-editor.elementor-drop-cap-view-stacked .elementor-drop-cap{background-color:#69727d;color:#fff}.elementor-widget-text-editor.elementor-drop-cap-view-framed .elementor-drop-cap{color:#69727d;border:3px solid;background-color:transparent}.elementor-widget-text-editor:not(.elementor-drop-cap-view-default) .elementor-drop-cap{margin-top:8px}.elementor-widget-text-editor:not(.elementor-drop-cap-view-default) .elementor-drop-cap-letter{width:1em;height:1em}.elementor-widget-text-editor .elementor-drop-cap{float:left;text-align:center;line-height:1;font-size:50px}.elementor-widget-text-editor .elementor-drop-cap-letter{display:inline-block}<\/style>\t\t\t\t<p>Desde hace alg\u00fan tiempo se est\u00e1 extendiendo la necesidad de reducir el costo de Brasil y de reducir \u2013e incluso eliminar\u2013 numerosos obst\u00e1culos burocr\u00e1ticos, que contribuyen a aumentar significativamente este riesgo. Desafortunadamente, muchos due\u00f1os de negocios y emprendedores enfrentan un tipo espec\u00edfico de dificultad. Esto se suma a la lista de obst\u00e1culos que sit\u00faan a Brasil en el puesto 116, entre 189 pa\u00edses, que mide la facilidad para iniciar un negocio.<\/p><p>Los representantes de estas informaciones desgarradoras, que muchas veces crean dificultades para la creaci\u00f3n de empresas en todo Brasil, son las Juntas Comerciales. En muchos estados brasile\u00f1os se intenta crear obst\u00e1culos innecesarios, burocratizando la actividad empresarial desde el principio.<\/p><p>A diferencia de lo previsto en la legislaci\u00f3n, las Juntas Comerciales exacerban la finalidad para la que fueron creadas. Deben ser \u00f3rganos destinados a asistir a empresarios, emprendedores, abogados y contadores, entre otros. En la pr\u00e1ctica, lo que hemos visto es una realidad completamente diferente. A modo de ilustraci\u00f3n, podemos centrarnos en la funci\u00f3n principal de las Juntas Comerciales de archivar los actos sociales de las sociedades mercantiles. Sin quererlo, y superando por completo sus responsabilidades legales, muchas Juntas Comerciales terminan generando una enorme e in\u00fatil burocracia adicional para los empresarios y emprendedores. Examinan los actos societarios mucho m\u00e1s all\u00e1 de las formalidades legales, partiendo de un an\u00e1lisis puro y simple del m\u00e9rito de las discusiones societarias \u2013 lo que viola el art\u00edculo 5 de la Constituci\u00f3n Federal, la Ley n\u00ba 8.934, de 1994, y su Decreto nr 1.800, de 1996.<\/p><p>En muchos Estados, las Juntas de Comercio crean obst\u00e1culos innecesarios, burocratizando la actividad empresarial. A esto se suma un total desprecio por la seguridad jur\u00eddica, ya que no existe uniformidad por parte de las juntas comerciales en las orientaciones sobre el registro de actos corporativos. De hecho, existe una enorme cantidad de decisiones anacr\u00f3nicas y discordantes que no se ajustan en absoluto a tales lineamientos, que, por cierto, deber\u00edan ser coordinados y organizados por el Departamento de Registro e Integraci\u00f3n Empresarial (Drei), de la Micro y Secretar\u00eda de la Peque\u00f1a Empresa, en sustituci\u00f3n del antiguo Departamento Nacional de Registro de Comercio (DNRC).<\/p><p>Si bien el Drei ejerce b\u00e1sicamente facultades normativas para la estandarizaci\u00f3n de los procedimientos que deben realizar las C\u00e1maras de Comercio, fijando las directrices a adoptar, no ejerce ning\u00fan poder disciplinario hacia ellas, y no se le permite ning\u00fan tipo de supervisi\u00f3n ni siquiera tipo de facultad de intervenci\u00f3n en sus procedimientos y decisiones. El Drei s\u00f3lo tiene garantizada la representaci\u00f3n frente a las autoridades administrativas de las Juntas Comerciales, como consecuencia de abusos y violaciones de sus determinaciones, de conformidad con lo dispuesto en el art\u00edculo 4, V, de la Ley nr. 8.934, de 1994. Cabe mencionar que las Juntas Comerciales, a su vez, no pueden exigir nada m\u00e1s que lo previsto para sus fines en la legislaci\u00f3n. Dicho an\u00e1lisis comprende las hip\u00f3tesis previstas en el art\u00edculo 35 de la Ley nr. 8.934, de 1994. Por lo tanto, no les corresponder\u00e1 controlar la legalidad y analizar el m\u00e9rito del acto social, m\u00e1s all\u00e1 de lo previsto en estas disposiciones legales, cuyo Su an\u00e1lisis ser\u00e1 competencia exclusiva del Poder Judicial.<\/p><p>Por otro lado, ser\u00eda un flaco favor y una profunda contradicci\u00f3n permitir la extensi\u00f3n inadecuada de facultades jur\u00eddicas, basadas en el an\u00e1lisis de la ley o la doctrina. Este hecho, de cumplirse, ser\u00eda visto como la sustituci\u00f3n total de la competencia del an\u00e1lisis de fondo por parte del Poder Judicial por las Juntas Comerciales. Las Juntas de Comercio \u00a0\u00fanicamente son responsables de controlar la formalidad jur\u00eddica del acto social, garantizando la plena publicidad, autenticidad y seguridad de los actos jur\u00eddicos, permitiendo la actualizaci\u00f3n del registro, protecci\u00f3n de la raz\u00f3n social, entre otros. Instituir un control distinto del previsto por la ley ser\u00eda admitir una invasi\u00f3n total de la competencia.<\/p><p>Cabe agregar que, en algunos casos, dentro de los l\u00edmites y par\u00e1metros de la formalidad de los actos sociales, las Juntas Comerciales pueden suspender la inscripci\u00f3n de un acto social, cuando existan sospechas de fraude o simulaci\u00f3n del acto registral. En este caso excepcional, las Juntas Comerciales est\u00e1n facultadas para rechazar la inscripci\u00f3n del acto social, debiendo, a su vez, estar respaldadas legalmente a trav\u00e9s del respaldo jur\u00eddico que les proporcionen sus despachos de abogados.<\/p><p>Es imperativo rediscutir y redefinir las actividades de los \u00f3rganos de registro de empresas, d\u00e1ndoles mayor claridad en sus actuaciones, delimitando y haciendo m\u00e1s claros sus l\u00edmites. Como principal consecuencia de esta mejora, habr\u00e1 mayor solidez en su seguridad jur\u00eddica, garantizando as\u00ed la reducci\u00f3n del infame \u201ccosto Brasil\u201d. De esta manera, empresarios y emprendedores tendr\u00e1n mayor libertad de negocios en todo Brasil, tambi\u00e9n para ayudar a mejorar la posici\u00f3n del pa\u00eds en el ranking que mide la facilidad de las naciones para emprender.<\/p>\t\t\t\t\t\t<\/div>\n\t\t\t\t<\/div>\n\t\t\t\t\t<\/div>\n\t\t<\/div>\n\t\t\t\t\t<\/div>\n\t\t<\/section>\n\t\t\t\t<\/div>\n\t\t","protected":false},"excerpt":{"rendered":"<p>Desde hace alg\u00fan tiempo se est\u00e1 extendiendo la necesidad de reducir el costo de Brasil y de reducir \u2013e incluso eliminar\u2013 numerosos obst\u00e1culos burocr\u00e1ticos, que contribuyen a aumentar significativamente este riesgo. Desafortunadamente, muchos due\u00f1os de negocios y emprendedores enfrentan un tipo espec\u00edfico de dificultad. Esto se suma a la lista de obst\u00e1culos que sit\u00faan a&#8230;<\/p>\n","protected":false},"author":1,"featured_media":989505,"comment_status":"open","ping_status":"open","sticky":false,"template":"","format":"standard","meta":{"inline_featured_image":false,"footnotes":""},"categories":[103,102],"tags":[117,118,119,120,121],"class_list":["post-989871","post","type-post","status-publish","format-standard","has-post-thumbnail","hentry","category-insights-es","category-legislacion","tag-custo-brasil-es","tag-drei-es","tag-empreendedorismo-es","tag-fraude-es","tag-junta-comercial-es"],"yoast_head":"<!-- This site is optimized with the Yoast SEO Premium plugin v21.3 (Yoast SEO v22.3) - https:\/\/yoast.com\/wordpress\/plugins\/seo\/ -->\n<title>Actos corporativos m\u00e1s all\u00e1 de las formalidades legales - Pousada Prado<\/title>\n<meta name=\"robots\" content=\"index, follow, max-snippet:-1, max-image-preview:large, max-video-preview:-1\" \/>\n<link rel=\"canonical\" href=\"https:\/\/pousadaprado.adv.br\/es\/atos-societarios-alem-das-formalidades-juridicas\/\" \/>\n<meta property=\"og:locale\" content=\"es_ES\" \/>\n<meta property=\"og:type\" content=\"article\" \/>\n<meta property=\"og:title\" content=\"Actos corporativos m\u00e1s all\u00e1 de las formalidades legales\" \/>\n<meta property=\"og:description\" content=\"Desde hace alg\u00fan tiempo se est\u00e1 extendiendo la necesidad de reducir el costo de Brasil y de reducir \u2013e incluso eliminar\u2013 numerosos obst\u00e1culos burocr\u00e1ticos, que contribuyen a aumentar significativamente este riesgo. Desafortunadamente, muchos due\u00f1os de negocios y emprendedores enfrentan un tipo espec\u00edfico de dificultad. Esto se suma a la lista de obst\u00e1culos que sit\u00faan a...\" \/>\n<meta property=\"og:url\" content=\"https:\/\/pousadaprado.adv.br\/es\/atos-societarios-alem-das-formalidades-juridicas\/\" \/>\n<meta property=\"og:site_name\" content=\"Pousada Prado\" \/>\n<meta property=\"article:published_time\" content=\"2024-03-21T14:31:28+00:00\" \/>\n<meta property=\"article:modified_time\" content=\"2024-08-28T13:29:35+00:00\" \/>\n<meta property=\"og:image\" content=\"https:\/\/pousadaprado.adv.br\/wp-content\/uploads\/2014\/08\/Pousada-Prado-Advogados-Atos-societarios-1-scaled.jpg\" \/>\n\t<meta property=\"og:image:width\" content=\"2560\" \/>\n\t<meta property=\"og:image:height\" content=\"1707\" \/>\n\t<meta property=\"og:image:type\" content=\"image\/jpeg\" \/>\n<meta name=\"author\" content=\"infra\" \/>\n<meta name=\"twitter:card\" content=\"summary_large_image\" \/>\n<meta name=\"twitter:label1\" content=\"Escrito por\" \/>\n\t<meta name=\"twitter:data1\" content=\"infra\" \/>\n\t<meta name=\"twitter:label2\" content=\"Tiempo de lectura\" \/>\n\t<meta name=\"twitter:data2\" content=\"4 minutos\" \/>\n<script type=\"application\/ld+json\" class=\"yoast-schema-graph\">{\"@context\":\"https:\/\/schema.org\",\"@graph\":[{\"@type\":\"Article\",\"@id\":\"https:\/\/pousadaprado.adv.br\/es\/atos-societarios-alem-das-formalidades-juridicas\/#article\",\"isPartOf\":{\"@id\":\"https:\/\/pousadaprado.adv.br\/es\/atos-societarios-alem-das-formalidades-juridicas\/\"},\"author\":{\"name\":\"infra\",\"@id\":\"https:\/\/pousadaprado.adv.br\/#\/schema\/person\/4e8c376865e88b6c41c29af210f06d60\"},\"headline\":\"Actos corporativos m\u00e1s all\u00e1 de las formalidades legales\",\"datePublished\":\"2024-03-21T14:31:28+00:00\",\"dateModified\":\"2024-08-28T13:29:35+00:00\",\"mainEntityOfPage\":{\"@id\":\"https:\/\/pousadaprado.adv.br\/es\/atos-societarios-alem-das-formalidades-juridicas\/\"},\"wordCount\":864,\"commentCount\":0,\"publisher\":{\"@id\":\"https:\/\/pousadaprado.adv.br\/#organization\"},\"image\":{\"@id\":\"https:\/\/pousadaprado.adv.br\/es\/atos-societarios-alem-das-formalidades-juridicas\/#primaryimage\"},\"thumbnailUrl\":\"https:\/\/pousadaprado.adv.br\/wp-content\/uploads\/2014\/08\/Pousada-Prado-Advogados-Atos-societarios-1-scaled.jpg\",\"keywords\":[\"Custo Brasil\",\"Drei\",\"Empreendedorismo\",\"Fraude\",\"Junta Comercial\"],\"articleSection\":[\"Insights\",\"Legislaci\u00f3n\"],\"inLanguage\":\"es\",\"potentialAction\":[{\"@type\":\"CommentAction\",\"name\":\"Comment\",\"target\":[\"https:\/\/pousadaprado.adv.br\/es\/atos-societarios-alem-das-formalidades-juridicas\/#respond\"]}]},{\"@type\":\"WebPage\",\"@id\":\"https:\/\/pousadaprado.adv.br\/es\/atos-societarios-alem-das-formalidades-juridicas\/\",\"url\":\"https:\/\/pousadaprado.adv.br\/es\/atos-societarios-alem-das-formalidades-juridicas\/\",\"name\":\"Actos corporativos m\u00e1s all\u00e1 de las formalidades legales - Pousada Prado\",\"isPartOf\":{\"@id\":\"https:\/\/pousadaprado.adv.br\/#website\"},\"primaryImageOfPage\":{\"@id\":\"https:\/\/pousadaprado.adv.br\/es\/atos-societarios-alem-das-formalidades-juridicas\/#primaryimage\"},\"image\":{\"@id\":\"https:\/\/pousadaprado.adv.br\/es\/atos-societarios-alem-das-formalidades-juridicas\/#primaryimage\"},\"thumbnailUrl\":\"https:\/\/pousadaprado.adv.br\/wp-content\/uploads\/2014\/08\/Pousada-Prado-Advogados-Atos-societarios-1-scaled.jpg\",\"datePublished\":\"2024-03-21T14:31:28+00:00\",\"dateModified\":\"2024-08-28T13:29:35+00:00\",\"breadcrumb\":{\"@id\":\"https:\/\/pousadaprado.adv.br\/es\/atos-societarios-alem-das-formalidades-juridicas\/#breadcrumb\"},\"inLanguage\":\"es\",\"potentialAction\":[{\"@type\":\"ReadAction\",\"target\":[\"https:\/\/pousadaprado.adv.br\/es\/atos-societarios-alem-das-formalidades-juridicas\/\"]}]},{\"@type\":\"ImageObject\",\"inLanguage\":\"es\",\"@id\":\"https:\/\/pousadaprado.adv.br\/es\/atos-societarios-alem-das-formalidades-juridicas\/#primaryimage\",\"url\":\"https:\/\/pousadaprado.adv.br\/wp-content\/uploads\/2014\/08\/Pousada-Prado-Advogados-Atos-societarios-1-scaled.jpg\",\"contentUrl\":\"https:\/\/pousadaprado.adv.br\/wp-content\/uploads\/2014\/08\/Pousada-Prado-Advogados-Atos-societarios-1-scaled.jpg\",\"width\":2560,\"height\":1707},{\"@type\":\"BreadcrumbList\",\"@id\":\"https:\/\/pousadaprado.adv.br\/es\/atos-societarios-alem-das-formalidades-juridicas\/#breadcrumb\",\"itemListElement\":[{\"@type\":\"ListItem\",\"position\":1,\"name\":\"In\u00edcio\",\"item\":\"https:\/\/pousadaprado.adv.br\/\"},{\"@type\":\"ListItem\",\"position\":2,\"name\":\"Actos corporativos m\u00e1s all\u00e1 de las formalidades legales\"}]},{\"@type\":\"WebSite\",\"@id\":\"https:\/\/pousadaprado.adv.br\/#website\",\"url\":\"https:\/\/pousadaprado.adv.br\/\",\"name\":\"Pousada Prado\",\"description\":\"Advogados Associados\",\"publisher\":{\"@id\":\"https:\/\/pousadaprado.adv.br\/#organization\"},\"potentialAction\":[{\"@type\":\"SearchAction\",\"target\":{\"@type\":\"EntryPoint\",\"urlTemplate\":\"https:\/\/pousadaprado.adv.br\/?s={search_term_string}\"},\"query-input\":\"required name=search_term_string\"}],\"inLanguage\":\"es\"},{\"@type\":\"Organization\",\"@id\":\"https:\/\/pousadaprado.adv.br\/#organization\",\"name\":\"Pousada Prado\",\"url\":\"https:\/\/pousadaprado.adv.br\/\",\"logo\":{\"@type\":\"ImageObject\",\"inLanguage\":\"es\",\"@id\":\"https:\/\/pousadaprado.adv.br\/#\/schema\/logo\/image\/\",\"url\":\"https:\/\/pousadaprado.adv.br\/wp-content\/uploads\/2023\/09\/PPAA_logotipo-horizontal-principal.svg\",\"contentUrl\":\"https:\/\/pousadaprado.adv.br\/wp-content\/uploads\/2023\/09\/PPAA_logotipo-horizontal-principal.svg\",\"width\":348,\"height\":52,\"caption\":\"Pousada Prado\"},\"image\":{\"@id\":\"https:\/\/pousadaprado.adv.br\/#\/schema\/logo\/image\/\"},\"sameAs\":[\"https:\/\/linkedin.com\/company\/pousada-benassi-advogados-associados\/about\/\"]},{\"@type\":\"Person\",\"@id\":\"https:\/\/pousadaprado.adv.br\/#\/schema\/person\/4e8c376865e88b6c41c29af210f06d60\",\"name\":\"infra\",\"image\":{\"@type\":\"ImageObject\",\"inLanguage\":\"es\",\"@id\":\"https:\/\/pousadaprado.adv.br\/#\/schema\/person\/image\/\",\"url\":\"https:\/\/secure.gravatar.com\/avatar\/89ca1c60ae2aa52cdef616e2fe5b1702?s=96&d=mm&r=g\",\"contentUrl\":\"https:\/\/secure.gravatar.com\/avatar\/89ca1c60ae2aa52cdef616e2fe5b1702?s=96&d=mm&r=g\",\"caption\":\"infra\"},\"sameAs\":[\"https:\/\/pousadaprado.adv.br\"],\"url\":\"https:\/\/pousadaprado.adv.br\/es\/author\/infra\/\"}]}<\/script>\n<!-- \/ Yoast SEO Premium plugin. -->","yoast_head_json":{"title":"Actos corporativos m\u00e1s all\u00e1 de las formalidades legales - Pousada Prado","robots":{"index":"index","follow":"follow","max-snippet":"max-snippet:-1","max-image-preview":"max-image-preview:large","max-video-preview":"max-video-preview:-1"},"canonical":"https:\/\/pousadaprado.adv.br\/es\/atos-societarios-alem-das-formalidades-juridicas\/","og_locale":"es_ES","og_type":"article","og_title":"Actos corporativos m\u00e1s all\u00e1 de las formalidades legales","og_description":"Desde hace alg\u00fan tiempo se est\u00e1 extendiendo la necesidad de reducir el costo de Brasil y de reducir \u2013e incluso eliminar\u2013 numerosos obst\u00e1culos burocr\u00e1ticos, que contribuyen a aumentar significativamente este riesgo. Desafortunadamente, muchos due\u00f1os de negocios y emprendedores enfrentan un tipo espec\u00edfico de dificultad. Esto se suma a la lista de obst\u00e1culos que sit\u00faan a...","og_url":"https:\/\/pousadaprado.adv.br\/es\/atos-societarios-alem-das-formalidades-juridicas\/","og_site_name":"Pousada Prado","article_published_time":"2024-03-21T14:31:28+00:00","article_modified_time":"2024-08-28T13:29:35+00:00","og_image":[{"width":2560,"height":1707,"url":"https:\/\/pousadaprado.adv.br\/wp-content\/uploads\/2014\/08\/Pousada-Prado-Advogados-Atos-societarios-1-scaled.jpg","type":"image\/jpeg"}],"author":"infra","twitter_card":"summary_large_image","twitter_misc":{"Escrito por":"infra","Tiempo de lectura":"4 minutos"},"schema":{"@context":"https:\/\/schema.org","@graph":[{"@type":"Article","@id":"https:\/\/pousadaprado.adv.br\/es\/atos-societarios-alem-das-formalidades-juridicas\/#article","isPartOf":{"@id":"https:\/\/pousadaprado.adv.br\/es\/atos-societarios-alem-das-formalidades-juridicas\/"},"author":{"name":"infra","@id":"https:\/\/pousadaprado.adv.br\/#\/schema\/person\/4e8c376865e88b6c41c29af210f06d60"},"headline":"Actos corporativos m\u00e1s all\u00e1 de las formalidades legales","datePublished":"2024-03-21T14:31:28+00:00","dateModified":"2024-08-28T13:29:35+00:00","mainEntityOfPage":{"@id":"https:\/\/pousadaprado.adv.br\/es\/atos-societarios-alem-das-formalidades-juridicas\/"},"wordCount":864,"commentCount":0,"publisher":{"@id":"https:\/\/pousadaprado.adv.br\/#organization"},"image":{"@id":"https:\/\/pousadaprado.adv.br\/es\/atos-societarios-alem-das-formalidades-juridicas\/#primaryimage"},"thumbnailUrl":"https:\/\/pousadaprado.adv.br\/wp-content\/uploads\/2014\/08\/Pousada-Prado-Advogados-Atos-societarios-1-scaled.jpg","keywords":["Custo Brasil","Drei","Empreendedorismo","Fraude","Junta Comercial"],"articleSection":["Insights","Legislaci\u00f3n"],"inLanguage":"es","potentialAction":[{"@type":"CommentAction","name":"Comment","target":["https:\/\/pousadaprado.adv.br\/es\/atos-societarios-alem-das-formalidades-juridicas\/#respond"]}]},{"@type":"WebPage","@id":"https:\/\/pousadaprado.adv.br\/es\/atos-societarios-alem-das-formalidades-juridicas\/","url":"https:\/\/pousadaprado.adv.br\/es\/atos-societarios-alem-das-formalidades-juridicas\/","name":"Actos corporativos m\u00e1s all\u00e1 de las formalidades legales - Pousada Prado","isPartOf":{"@id":"https:\/\/pousadaprado.adv.br\/#website"},"primaryImageOfPage":{"@id":"https:\/\/pousadaprado.adv.br\/es\/atos-societarios-alem-das-formalidades-juridicas\/#primaryimage"},"image":{"@id":"https:\/\/pousadaprado.adv.br\/es\/atos-societarios-alem-das-formalidades-juridicas\/#primaryimage"},"thumbnailUrl":"https:\/\/pousadaprado.adv.br\/wp-content\/uploads\/2014\/08\/Pousada-Prado-Advogados-Atos-societarios-1-scaled.jpg","datePublished":"2024-03-21T14:31:28+00:00","dateModified":"2024-08-28T13:29:35+00:00","breadcrumb":{"@id":"https:\/\/pousadaprado.adv.br\/es\/atos-societarios-alem-das-formalidades-juridicas\/#breadcrumb"},"inLanguage":"es","potentialAction":[{"@type":"ReadAction","target":["https:\/\/pousadaprado.adv.br\/es\/atos-societarios-alem-das-formalidades-juridicas\/"]}]},{"@type":"ImageObject","inLanguage":"es","@id":"https:\/\/pousadaprado.adv.br\/es\/atos-societarios-alem-das-formalidades-juridicas\/#primaryimage","url":"https:\/\/pousadaprado.adv.br\/wp-content\/uploads\/2014\/08\/Pousada-Prado-Advogados-Atos-societarios-1-scaled.jpg","contentUrl":"https:\/\/pousadaprado.adv.br\/wp-content\/uploads\/2014\/08\/Pousada-Prado-Advogados-Atos-societarios-1-scaled.jpg","width":2560,"height":1707},{"@type":"BreadcrumbList","@id":"https:\/\/pousadaprado.adv.br\/es\/atos-societarios-alem-das-formalidades-juridicas\/#breadcrumb","itemListElement":[{"@type":"ListItem","position":1,"name":"In\u00edcio","item":"https:\/\/pousadaprado.adv.br\/"},{"@type":"ListItem","position":2,"name":"Actos corporativos m\u00e1s all\u00e1 de las formalidades legales"}]},{"@type":"WebSite","@id":"https:\/\/pousadaprado.adv.br\/#website","url":"https:\/\/pousadaprado.adv.br\/","name":"Pousada Prado","description":"Advogados Associados","publisher":{"@id":"https:\/\/pousadaprado.adv.br\/#organization"},"potentialAction":[{"@type":"SearchAction","target":{"@type":"EntryPoint","urlTemplate":"https:\/\/pousadaprado.adv.br\/?s={search_term_string}"},"query-input":"required name=search_term_string"}],"inLanguage":"es"},{"@type":"Organization","@id":"https:\/\/pousadaprado.adv.br\/#organization","name":"Pousada Prado","url":"https:\/\/pousadaprado.adv.br\/","logo":{"@type":"ImageObject","inLanguage":"es","@id":"https:\/\/pousadaprado.adv.br\/#\/schema\/logo\/image\/","url":"https:\/\/pousadaprado.adv.br\/wp-content\/uploads\/2023\/09\/PPAA_logotipo-horizontal-principal.svg","contentUrl":"https:\/\/pousadaprado.adv.br\/wp-content\/uploads\/2023\/09\/PPAA_logotipo-horizontal-principal.svg","width":348,"height":52,"caption":"Pousada Prado"},"image":{"@id":"https:\/\/pousadaprado.adv.br\/#\/schema\/logo\/image\/"},"sameAs":["https:\/\/linkedin.com\/company\/pousada-benassi-advogados-associados\/about\/"]},{"@type":"Person","@id":"https:\/\/pousadaprado.adv.br\/#\/schema\/person\/4e8c376865e88b6c41c29af210f06d60","name":"infra","image":{"@type":"ImageObject","inLanguage":"es","@id":"https:\/\/pousadaprado.adv.br\/#\/schema\/person\/image\/","url":"https:\/\/secure.gravatar.com\/avatar\/89ca1c60ae2aa52cdef616e2fe5b1702?s=96&d=mm&r=g","contentUrl":"https:\/\/secure.gravatar.com\/avatar\/89ca1c60ae2aa52cdef616e2fe5b1702?s=96&d=mm&r=g","caption":"infra"},"sameAs":["https:\/\/pousadaprado.adv.br"],"url":"https:\/\/pousadaprado.adv.br\/es\/author\/infra\/"}]}},"_links":{"self":[{"href":"https:\/\/pousadaprado.adv.br\/es\/wp-json\/wp\/v2\/posts\/989871"}],"collection":[{"href":"https:\/\/pousadaprado.adv.br\/es\/wp-json\/wp\/v2\/posts"}],"about":[{"href":"https:\/\/pousadaprado.adv.br\/es\/wp-json\/wp\/v2\/types\/post"}],"author":[{"embeddable":true,"href":"https:\/\/pousadaprado.adv.br\/es\/wp-json\/wp\/v2\/users\/1"}],"replies":[{"embeddable":true,"href":"https:\/\/pousadaprado.adv.br\/es\/wp-json\/wp\/v2\/comments?post=989871"}],"version-history":[{"count":3,"href":"https:\/\/pousadaprado.adv.br\/es\/wp-json\/wp\/v2\/posts\/989871\/revisions"}],"predecessor-version":[{"id":989900,"href":"https:\/\/pousadaprado.adv.br\/es\/wp-json\/wp\/v2\/posts\/989871\/revisions\/989900"}],"wp:featuredmedia":[{"embeddable":true,"href":"https:\/\/pousadaprado.adv.br\/es\/wp-json\/wp\/v2\/media\/989505"}],"wp:attachment":[{"href":"https:\/\/pousadaprado.adv.br\/es\/wp-json\/wp\/v2\/media?parent=989871"}],"wp:term":[{"taxonomy":"category","embeddable":true,"href":"https:\/\/pousadaprado.adv.br\/es\/wp-json\/wp\/v2\/categories?post=989871"},{"taxonomy":"post_tag","embeddable":true,"href":"https:\/\/pousadaprado.adv.br\/es\/wp-json\/wp\/v2\/tags?post=989871"}],"curies":[{"name":"wp","href":"https:\/\/api.w.org\/{rel}","templated":true}]}}