{"id":989873,"date":"2024-03-14T19:47:00","date_gmt":"2024-03-14T22:47:00","guid":{"rendered":"https:\/\/pousadaprado.adv.br\/as-associacoes-empresariais-da-comunidade-participaram-do-encontro-brasil-espanha-em-sao-paulo\/"},"modified":"2024-08-28T10:35:02","modified_gmt":"2024-08-28T13:35:02","slug":"as-associacoes-empresariais-da-comunidade-participaram-do-encontro-brasil-espanha-em-sao-paulo","status":"publish","type":"post","link":"https:\/\/pousadaprado.adv.br\/es\/as-associacoes-empresariais-da-comunidade-participaram-do-encontro-brasil-espanha-em-sao-paulo\/","title":{"rendered":"Las asociaciones empresariales de la comunidad participaron en el Encuentro Brasil-Espa\u00f1a en S\u00e3o Paulo"},"content":{"rendered":"<div class=\"vgblk-rw-wrapper limit-wrapper\">\n<p>El Foro Empresarial Hispano-Brasile\u00f1o (FEHB) y la Asociaci\u00f3n de Empresarios Gallegos del Estado de S\u00e3o Paulo (AEGASP) fueron invitados por la Consejer\u00eda Comercial de la Embajada de Espa\u00f1a en Brasil a participar en el Encuentro Empresarial Brasil-Espa\u00f1a, celebrado recientemente en S\u00e3o Paulo.<\/p>\n\n\n\n<div style=\"height:20px\" aria-hidden=\"true\" class=\"wp-block-spacer\"><\/div>\n\n\n\n<div class=\"wp-block-columns is-layout-flex wp-container-core-columns-is-layout-1 wp-block-columns-is-layout-flex\">\n<div class=\"wp-block-column is-layout-flow wp-block-column-is-layout-flow\">\n<figure class=\"wp-block-image size-large\"><img fetchpriority=\"high\" decoding=\"async\" width=\"768\" height=\"1024\" src=\"https:\/\/pousadaprado.adv.br\/wp-content\/uploads\/2024\/03\/IMG-20240311-WA0068-768x1024.webp\" alt=\"\" class=\"wp-image-988857\" srcset=\"https:\/\/pousadaprado.adv.br\/wp-content\/uploads\/2024\/03\/IMG-20240311-WA0068-768x1024.webp 768w, https:\/\/pousadaprado.adv.br\/wp-content\/uploads\/2024\/03\/IMG-20240311-WA0068-225x300.webp 225w, https:\/\/pousadaprado.adv.br\/wp-content\/uploads\/2024\/03\/IMG-20240311-WA0068-1152x1536.webp 1152w, https:\/\/pousadaprado.adv.br\/wp-content\/uploads\/2024\/03\/IMG-20240311-WA0068.webp 1200w\" sizes=\"(max-width: 768px) 100vw, 768px\" \/><figcaption class=\"wp-element-caption\">Encuentro con Trinidad Jim\u00e9nez<\/figcaption><\/figure>\n<\/div>\n\n\n\n<div class=\"wp-block-column is-layout-flow wp-block-column-is-layout-flow\">\n<figure class=\"wp-block-image size-large\"><img decoding=\"async\" width=\"768\" height=\"1024\" src=\"https:\/\/pousadaprado.adv.br\/wp-content\/uploads\/2024\/03\/IMG-20240311-WA0025-768x1024.webp\" alt=\"\" class=\"wp-image-988858\" srcset=\"https:\/\/pousadaprado.adv.br\/wp-content\/uploads\/2024\/03\/IMG-20240311-WA0025-768x1024.webp 768w, https:\/\/pousadaprado.adv.br\/wp-content\/uploads\/2024\/03\/IMG-20240311-WA0025-225x300.webp 225w, https:\/\/pousadaprado.adv.br\/wp-content\/uploads\/2024\/03\/IMG-20240311-WA0025-1152x1536.webp 1152w, https:\/\/pousadaprado.adv.br\/wp-content\/uploads\/2024\/03\/IMG-20240311-WA0025.webp 1200w\" sizes=\"(max-width: 768px) 100vw, 768px\" \/><figcaption class=\"wp-element-caption\">Felipe Pousada Prado y Pedro S\u00e1nchez, presidente de Espa\u00f1a<\/figcaption><\/figure>\n<\/div>\n<\/div>\n\n\n\n<div style=\"height:20px\" aria-hidden=\"true\" class=\"wp-block-spacer\"><\/div>\n\n\n\n<p>En representaci\u00f3n de las asociaciones empresariales de la comunidad espa\u00f1ola en Brasil, acudi\u00f3 al acto su presidente, Felipe Pousada Prado, quien valor\u00f3 muy positivamente la celebraci\u00f3n de este encuentro, dado que, desde 2016, Espa\u00f1a es el segundo inversor extranjero en Brasil , que actualmente ha ascendido a la posici\u00f3n de novena econom\u00eda del mundo, seg\u00fan inform\u00f3 el Fondo Monetario Internacional (FMI) a finales de 2023.<\/p>\n\n\n\n<p>Durante el acto, Pousada Prado estuvo con el presidente del gobierno espa\u00f1ol, Pedro S\u00e1nchez, quien promovi\u00f3 la inauguraci\u00f3n del Foro, donde le transmiti\u00f3 el saludo y el cari\u00f1o de la comunidad espa\u00f1ola en Brasil.<\/p>\n\n\n\n<p>Pousada Prado mantuvo reuniones con la actual presidenta de la C\u00e1mara de Comercio Brasil-Espa\u00f1a (CCBE), en Madrid, Trinidad Jim\u00e9nez, quien tambi\u00e9n fue ministra de Asuntos Exteriores en el gobierno de Jos\u00e9 Lu\u00eds Rodr\u00edguez Zapatero; y tambi\u00e9n con el secretario de Negocios Internacionales del Estado de S\u00e3o Paulo, Lucas Ferraz, que asisti\u00f3 al evento en representaci\u00f3n del gobernador del Estado de S\u00e3o Paulo, Tarcisio Gomes de Freitas, a quien el presidente del gobierno esperaba en una obra para la construcci\u00f3n de la L\u00ednea 6 del Metro de S\u00e3o Paulo, de la constructora espa\u00f1ola Acciona, en el norte de S\u00e3o Paulo.<\/p>\n\n\n\n<p>Pousada Prado expres\u00f3 la voluntad y disponibilidad de la comunidad espa\u00f1ola en el Estado de S\u00e3o Paulo para contribuir y apoyar las acciones gubernamentales llevadas a cabo por la administraci\u00f3n del estado de S\u00e3o Paulo, y el Secretario Ferraz se mostr\u00f3 muy receptivo a esta iniciativa de las empresas espa\u00f1olas, como CEOE. C\u00e1mara de Comercio de Espa\u00f1a, as\u00ed como representantes de las principales empresas espa\u00f1olas con fuerte presencia en Brasil, como Mapfre, Telef\u00f3nica, Santander, Estrella Galicia, Jealsa, Viscofan, Naturgy, Iberdrola, entre otras.<\/p>\n<\/div><!-- .vgblk-rw-wrapper -->","protected":false},"excerpt":{"rendered":"<p>El Foro Empresarial Hispano-Brasile\u00f1o (FEHB) y la Asociaci\u00f3n de Empresarios Gallegos del Estado de S\u00e3o Paulo (AEGASP) fueron invitados por la Consejer\u00eda Comercial de la Embajada de Espa\u00f1a en Brasil a participar en el Encuentro Empresarial Brasil-Espa\u00f1a, celebrado recientemente en S\u00e3o Paulo. En representaci\u00f3n de las asociaciones empresariales de la comunidad espa\u00f1ola en Brasil, acudi\u00f3&#8230;<\/p>\n","protected":false},"author":1,"featured_media":989524,"comment_status":"closed","ping_status":"open","sticky":false,"template":"","format":"standard","meta":{"inline_featured_image":false,"footnotes":""},"categories":[103,101],"tags":[109,126,127,106,128,111],"class_list":["post-989873","post","type-post","status-publish","format-standard","has-post-thumbnail","hentry","category-insights-es","category-noticias-es","tag-aegasp-es","tag-associacoes-es","tag-ccbe-es","tag-comunidade-espanhola-es","tag-encontro-empresarial-es","tag-fehb-es"],"yoast_head":"<!-- This site is optimized with the Yoast SEO Premium plugin v21.3 (Yoast SEO v22.3) - https:\/\/yoast.com\/wordpress\/plugins\/seo\/ -->\n<title>Las asociaciones empresariales de la comunidad participaron en el Encuentro Brasil-Espa\u00f1a en S\u00e3o Paulo - Pousada Prado<\/title>\n<meta name=\"robots\" content=\"index, follow, max-snippet:-1, max-image-preview:large, max-video-preview:-1\" \/>\n<link rel=\"canonical\" href=\"https:\/\/pousadaprado.adv.br\/es\/as-associacoes-empresariais-da-comunidade-participaram-do-encontro-brasil-espanha-em-sao-paulo\/\" \/>\n<meta property=\"og:locale\" content=\"es_ES\" \/>\n<meta property=\"og:type\" content=\"article\" \/>\n<meta property=\"og:title\" content=\"Las asociaciones empresariales de la comunidad participaron en el Encuentro Brasil-Espa\u00f1a en S\u00e3o Paulo\" \/>\n<meta property=\"og:description\" content=\"El Foro Empresarial Hispano-Brasile\u00f1o (FEHB) y la Asociaci\u00f3n de Empresarios Gallegos del Estado de S\u00e3o Paulo (AEGASP) fueron invitados por la Consejer\u00eda Comercial de la Embajada de Espa\u00f1a en Brasil a participar en el Encuentro Empresarial Brasil-Espa\u00f1a, celebrado recientemente en S\u00e3o Paulo. En representaci\u00f3n de las asociaciones empresariales de la comunidad espa\u00f1ola en Brasil, acudi\u00f3...\" \/>\n<meta property=\"og:url\" content=\"https:\/\/pousadaprado.adv.br\/es\/as-associacoes-empresariais-da-comunidade-participaram-do-encontro-brasil-espanha-em-sao-paulo\/\" \/>\n<meta property=\"og:site_name\" content=\"Pousada Prado\" \/>\n<meta property=\"article:published_time\" content=\"2024-03-14T22:47:00+00:00\" \/>\n<meta property=\"article:modified_time\" content=\"2024-08-28T13:35:02+00:00\" \/>\n<meta property=\"og:image\" content=\"https:\/\/pousadaprado.adv.br\/wp-content\/uploads\/2024\/03\/IMG-20240311-WA0077.webp\" \/>\n\t<meta property=\"og:image:width\" content=\"1600\" \/>\n\t<meta property=\"og:image:height\" content=\"1200\" \/>\n\t<meta property=\"og:image:type\" content=\"image\/webp\" \/>\n<meta name=\"author\" content=\"infra\" \/>\n<meta name=\"twitter:card\" content=\"summary_large_image\" \/>\n<meta name=\"twitter:label1\" content=\"Escrito por\" \/>\n\t<meta name=\"twitter:data1\" content=\"infra\" \/>\n\t<meta name=\"twitter:label2\" content=\"Tiempo de lectura\" \/>\n\t<meta name=\"twitter:data2\" content=\"3 minutos\" \/>\n<script type=\"application\/ld+json\" class=\"yoast-schema-graph\">{\"@context\":\"https:\/\/schema.org\",\"@graph\":[{\"@type\":\"Article\",\"@id\":\"https:\/\/pousadaprado.adv.br\/es\/as-associacoes-empresariais-da-comunidade-participaram-do-encontro-brasil-espanha-em-sao-paulo\/#article\",\"isPartOf\":{\"@id\":\"https:\/\/pousadaprado.adv.br\/es\/as-associacoes-empresariais-da-comunidade-participaram-do-encontro-brasil-espanha-em-sao-paulo\/\"},\"author\":{\"name\":\"infra\",\"@id\":\"https:\/\/pousadaprado.adv.br\/#\/schema\/person\/4e8c376865e88b6c41c29af210f06d60\"},\"headline\":\"Las asociaciones empresariales de la comunidad participaron en el Encuentro Brasil-Espa\u00f1a en S\u00e3o Paulo\",\"datePublished\":\"2024-03-14T22:47:00+00:00\",\"dateModified\":\"2024-08-28T13:35:02+00:00\",\"mainEntityOfPage\":{\"@id\":\"https:\/\/pousadaprado.adv.br\/es\/as-associacoes-empresariais-da-comunidade-participaram-do-encontro-brasil-espanha-em-sao-paulo\/\"},\"wordCount\":393,\"publisher\":{\"@id\":\"https:\/\/pousadaprado.adv.br\/#organization\"},\"image\":{\"@id\":\"https:\/\/pousadaprado.adv.br\/es\/as-associacoes-empresariais-da-comunidade-participaram-do-encontro-brasil-espanha-em-sao-paulo\/#primaryimage\"},\"thumbnailUrl\":\"https:\/\/pousadaprado.adv.br\/wp-content\/uploads\/2024\/03\/IMG-20240311-WA0077.webp\",\"keywords\":[\"AEGASP\",\"Associa\u00e7\u00f5es\",\"CCBE\",\"Comunidade espanhola\",\"Encontro Empresarial\",\"FEHB\"],\"articleSection\":[\"Insights\",\"Noticias\"],\"inLanguage\":\"es\"},{\"@type\":\"WebPage\",\"@id\":\"https:\/\/pousadaprado.adv.br\/es\/as-associacoes-empresariais-da-comunidade-participaram-do-encontro-brasil-espanha-em-sao-paulo\/\",\"url\":\"https:\/\/pousadaprado.adv.br\/es\/as-associacoes-empresariais-da-comunidade-participaram-do-encontro-brasil-espanha-em-sao-paulo\/\",\"name\":\"Las asociaciones empresariales de la comunidad participaron en el Encuentro Brasil-Espa\u00f1a en S\u00e3o Paulo - Pousada Prado\",\"isPartOf\":{\"@id\":\"https:\/\/pousadaprado.adv.br\/#website\"},\"primaryImageOfPage\":{\"@id\":\"https:\/\/pousadaprado.adv.br\/es\/as-associacoes-empresariais-da-comunidade-participaram-do-encontro-brasil-espanha-em-sao-paulo\/#primaryimage\"},\"image\":{\"@id\":\"https:\/\/pousadaprado.adv.br\/es\/as-associacoes-empresariais-da-comunidade-participaram-do-encontro-brasil-espanha-em-sao-paulo\/#primaryimage\"},\"thumbnailUrl\":\"https:\/\/pousadaprado.adv.br\/wp-content\/uploads\/2024\/03\/IMG-20240311-WA0077.webp\",\"datePublished\":\"2024-03-14T22:47:00+00:00\",\"dateModified\":\"2024-08-28T13:35:02+00:00\",\"breadcrumb\":{\"@id\":\"https:\/\/pousadaprado.adv.br\/es\/as-associacoes-empresariais-da-comunidade-participaram-do-encontro-brasil-espanha-em-sao-paulo\/#breadcrumb\"},\"inLanguage\":\"es\",\"potentialAction\":[{\"@type\":\"ReadAction\",\"target\":[\"https:\/\/pousadaprado.adv.br\/es\/as-associacoes-empresariais-da-comunidade-participaram-do-encontro-brasil-espanha-em-sao-paulo\/\"]}]},{\"@type\":\"ImageObject\",\"inLanguage\":\"es\",\"@id\":\"https:\/\/pousadaprado.adv.br\/es\/as-associacoes-empresariais-da-comunidade-participaram-do-encontro-brasil-espanha-em-sao-paulo\/#primaryimage\",\"url\":\"https:\/\/pousadaprado.adv.br\/wp-content\/uploads\/2024\/03\/IMG-20240311-WA0077.webp\",\"contentUrl\":\"https:\/\/pousadaprado.adv.br\/wp-content\/uploads\/2024\/03\/IMG-20240311-WA0077.webp\",\"width\":1600,\"height\":1200},{\"@type\":\"BreadcrumbList\",\"@id\":\"https:\/\/pousadaprado.adv.br\/es\/as-associacoes-empresariais-da-comunidade-participaram-do-encontro-brasil-espanha-em-sao-paulo\/#breadcrumb\",\"itemListElement\":[{\"@type\":\"ListItem\",\"position\":1,\"name\":\"In\u00edcio\",\"item\":\"https:\/\/pousadaprado.adv.br\/\"},{\"@type\":\"ListItem\",\"position\":2,\"name\":\"Las asociaciones empresariales de la comunidad participaron en el Encuentro Brasil-Espa\u00f1a en S\u00e3o Paulo\"}]},{\"@type\":\"WebSite\",\"@id\":\"https:\/\/pousadaprado.adv.br\/#website\",\"url\":\"https:\/\/pousadaprado.adv.br\/\",\"name\":\"Pousada Prado\",\"description\":\"Advogados Associados\",\"publisher\":{\"@id\":\"https:\/\/pousadaprado.adv.br\/#organization\"},\"potentialAction\":[{\"@type\":\"SearchAction\",\"target\":{\"@type\":\"EntryPoint\",\"urlTemplate\":\"https:\/\/pousadaprado.adv.br\/?s={search_term_string}\"},\"query-input\":\"required name=search_term_string\"}],\"inLanguage\":\"es\"},{\"@type\":\"Organization\",\"@id\":\"https:\/\/pousadaprado.adv.br\/#organization\",\"name\":\"Pousada Prado\",\"url\":\"https:\/\/pousadaprado.adv.br\/\",\"logo\":{\"@type\":\"ImageObject\",\"inLanguage\":\"es\",\"@id\":\"https:\/\/pousadaprado.adv.br\/#\/schema\/logo\/image\/\",\"url\":\"https:\/\/pousadaprado.adv.br\/wp-content\/uploads\/2023\/09\/PPAA_logotipo-horizontal-principal.svg\",\"contentUrl\":\"https:\/\/pousadaprado.adv.br\/wp-content\/uploads\/2023\/09\/PPAA_logotipo-horizontal-principal.svg\",\"width\":348,\"height\":52,\"caption\":\"Pousada Prado\"},\"image\":{\"@id\":\"https:\/\/pousadaprado.adv.br\/#\/schema\/logo\/image\/\"},\"sameAs\":[\"https:\/\/linkedin.com\/company\/pousada-benassi-advogados-associados\/about\/\"]},{\"@type\":\"Person\",\"@id\":\"https:\/\/pousadaprado.adv.br\/#\/schema\/person\/4e8c376865e88b6c41c29af210f06d60\",\"name\":\"infra\",\"image\":{\"@type\":\"ImageObject\",\"inLanguage\":\"es\",\"@id\":\"https:\/\/pousadaprado.adv.br\/#\/schema\/person\/image\/\",\"url\":\"https:\/\/secure.gravatar.com\/avatar\/89ca1c60ae2aa52cdef616e2fe5b1702?s=96&d=mm&r=g\",\"contentUrl\":\"https:\/\/secure.gravatar.com\/avatar\/89ca1c60ae2aa52cdef616e2fe5b1702?s=96&d=mm&r=g\",\"caption\":\"infra\"},\"sameAs\":[\"https:\/\/pousadaprado.adv.br\"],\"url\":\"https:\/\/pousadaprado.adv.br\/es\/author\/infra\/\"}]}<\/script>\n<!-- \/ Yoast SEO Premium plugin. -->","yoast_head_json":{"title":"Las asociaciones empresariales de la comunidad participaron en el Encuentro Brasil-Espa\u00f1a en S\u00e3o Paulo - Pousada Prado","robots":{"index":"index","follow":"follow","max-snippet":"max-snippet:-1","max-image-preview":"max-image-preview:large","max-video-preview":"max-video-preview:-1"},"canonical":"https:\/\/pousadaprado.adv.br\/es\/as-associacoes-empresariais-da-comunidade-participaram-do-encontro-brasil-espanha-em-sao-paulo\/","og_locale":"es_ES","og_type":"article","og_title":"Las asociaciones empresariales de la comunidad participaron en el Encuentro Brasil-Espa\u00f1a en S\u00e3o Paulo","og_description":"El Foro Empresarial Hispano-Brasile\u00f1o (FEHB) y la Asociaci\u00f3n de Empresarios Gallegos del Estado de S\u00e3o Paulo (AEGASP) fueron invitados por la Consejer\u00eda Comercial de la Embajada de Espa\u00f1a en Brasil a participar en el Encuentro Empresarial Brasil-Espa\u00f1a, celebrado recientemente en S\u00e3o Paulo. En representaci\u00f3n de las asociaciones empresariales de la comunidad espa\u00f1ola en Brasil, acudi\u00f3...","og_url":"https:\/\/pousadaprado.adv.br\/es\/as-associacoes-empresariais-da-comunidade-participaram-do-encontro-brasil-espanha-em-sao-paulo\/","og_site_name":"Pousada Prado","article_published_time":"2024-03-14T22:47:00+00:00","article_modified_time":"2024-08-28T13:35:02+00:00","og_image":[{"width":1600,"height":1200,"url":"https:\/\/pousadaprado.adv.br\/wp-content\/uploads\/2024\/03\/IMG-20240311-WA0077.webp","type":"image\/webp"}],"author":"infra","twitter_card":"summary_large_image","twitter_misc":{"Escrito por":"infra","Tiempo de lectura":"3 minutos"},"schema":{"@context":"https:\/\/schema.org","@graph":[{"@type":"Article","@id":"https:\/\/pousadaprado.adv.br\/es\/as-associacoes-empresariais-da-comunidade-participaram-do-encontro-brasil-espanha-em-sao-paulo\/#article","isPartOf":{"@id":"https:\/\/pousadaprado.adv.br\/es\/as-associacoes-empresariais-da-comunidade-participaram-do-encontro-brasil-espanha-em-sao-paulo\/"},"author":{"name":"infra","@id":"https:\/\/pousadaprado.adv.br\/#\/schema\/person\/4e8c376865e88b6c41c29af210f06d60"},"headline":"Las asociaciones empresariales de la comunidad participaron en el Encuentro Brasil-Espa\u00f1a en S\u00e3o Paulo","datePublished":"2024-03-14T22:47:00+00:00","dateModified":"2024-08-28T13:35:02+00:00","mainEntityOfPage":{"@id":"https:\/\/pousadaprado.adv.br\/es\/as-associacoes-empresariais-da-comunidade-participaram-do-encontro-brasil-espanha-em-sao-paulo\/"},"wordCount":393,"publisher":{"@id":"https:\/\/pousadaprado.adv.br\/#organization"},"image":{"@id":"https:\/\/pousadaprado.adv.br\/es\/as-associacoes-empresariais-da-comunidade-participaram-do-encontro-brasil-espanha-em-sao-paulo\/#primaryimage"},"thumbnailUrl":"https:\/\/pousadaprado.adv.br\/wp-content\/uploads\/2024\/03\/IMG-20240311-WA0077.webp","keywords":["AEGASP","Associa\u00e7\u00f5es","CCBE","Comunidade espanhola","Encontro Empresarial","FEHB"],"articleSection":["Insights","Noticias"],"inLanguage":"es"},{"@type":"WebPage","@id":"https:\/\/pousadaprado.adv.br\/es\/as-associacoes-empresariais-da-comunidade-participaram-do-encontro-brasil-espanha-em-sao-paulo\/","url":"https:\/\/pousadaprado.adv.br\/es\/as-associacoes-empresariais-da-comunidade-participaram-do-encontro-brasil-espanha-em-sao-paulo\/","name":"Las asociaciones empresariales de la comunidad participaron en el Encuentro Brasil-Espa\u00f1a en S\u00e3o Paulo - Pousada Prado","isPartOf":{"@id":"https:\/\/pousadaprado.adv.br\/#website"},"primaryImageOfPage":{"@id":"https:\/\/pousadaprado.adv.br\/es\/as-associacoes-empresariais-da-comunidade-participaram-do-encontro-brasil-espanha-em-sao-paulo\/#primaryimage"},"image":{"@id":"https:\/\/pousadaprado.adv.br\/es\/as-associacoes-empresariais-da-comunidade-participaram-do-encontro-brasil-espanha-em-sao-paulo\/#primaryimage"},"thumbnailUrl":"https:\/\/pousadaprado.adv.br\/wp-content\/uploads\/2024\/03\/IMG-20240311-WA0077.webp","datePublished":"2024-03-14T22:47:00+00:00","dateModified":"2024-08-28T13:35:02+00:00","breadcrumb":{"@id":"https:\/\/pousadaprado.adv.br\/es\/as-associacoes-empresariais-da-comunidade-participaram-do-encontro-brasil-espanha-em-sao-paulo\/#breadcrumb"},"inLanguage":"es","potentialAction":[{"@type":"ReadAction","target":["https:\/\/pousadaprado.adv.br\/es\/as-associacoes-empresariais-da-comunidade-participaram-do-encontro-brasil-espanha-em-sao-paulo\/"]}]},{"@type":"ImageObject","inLanguage":"es","@id":"https:\/\/pousadaprado.adv.br\/es\/as-associacoes-empresariais-da-comunidade-participaram-do-encontro-brasil-espanha-em-sao-paulo\/#primaryimage","url":"https:\/\/pousadaprado.adv.br\/wp-content\/uploads\/2024\/03\/IMG-20240311-WA0077.webp","contentUrl":"https:\/\/pousadaprado.adv.br\/wp-content\/uploads\/2024\/03\/IMG-20240311-WA0077.webp","width":1600,"height":1200},{"@type":"BreadcrumbList","@id":"https:\/\/pousadaprado.adv.br\/es\/as-associacoes-empresariais-da-comunidade-participaram-do-encontro-brasil-espanha-em-sao-paulo\/#breadcrumb","itemListElement":[{"@type":"ListItem","position":1,"name":"In\u00edcio","item":"https:\/\/pousadaprado.adv.br\/"},{"@type":"ListItem","position":2,"name":"Las asociaciones empresariales de la comunidad participaron en el Encuentro Brasil-Espa\u00f1a en S\u00e3o Paulo"}]},{"@type":"WebSite","@id":"https:\/\/pousadaprado.adv.br\/#website","url":"https:\/\/pousadaprado.adv.br\/","name":"Pousada Prado","description":"Advogados Associados","publisher":{"@id":"https:\/\/pousadaprado.adv.br\/#organization"},"potentialAction":[{"@type":"SearchAction","target":{"@type":"EntryPoint","urlTemplate":"https:\/\/pousadaprado.adv.br\/?s={search_term_string}"},"query-input":"required name=search_term_string"}],"inLanguage":"es"},{"@type":"Organization","@id":"https:\/\/pousadaprado.adv.br\/#organization","name":"Pousada Prado","url":"https:\/\/pousadaprado.adv.br\/","logo":{"@type":"ImageObject","inLanguage":"es","@id":"https:\/\/pousadaprado.adv.br\/#\/schema\/logo\/image\/","url":"https:\/\/pousadaprado.adv.br\/wp-content\/uploads\/2023\/09\/PPAA_logotipo-horizontal-principal.svg","contentUrl":"https:\/\/pousadaprado.adv.br\/wp-content\/uploads\/2023\/09\/PPAA_logotipo-horizontal-principal.svg","width":348,"height":52,"caption":"Pousada Prado"},"image":{"@id":"https:\/\/pousadaprado.adv.br\/#\/schema\/logo\/image\/"},"sameAs":["https:\/\/linkedin.com\/company\/pousada-benassi-advogados-associados\/about\/"]},{"@type":"Person","@id":"https:\/\/pousadaprado.adv.br\/#\/schema\/person\/4e8c376865e88b6c41c29af210f06d60","name":"infra","image":{"@type":"ImageObject","inLanguage":"es","@id":"https:\/\/pousadaprado.adv.br\/#\/schema\/person\/image\/","url":"https:\/\/secure.gravatar.com\/avatar\/89ca1c60ae2aa52cdef616e2fe5b1702?s=96&d=mm&r=g","contentUrl":"https:\/\/secure.gravatar.com\/avatar\/89ca1c60ae2aa52cdef616e2fe5b1702?s=96&d=mm&r=g","caption":"infra"},"sameAs":["https:\/\/pousadaprado.adv.br"],"url":"https:\/\/pousadaprado.adv.br\/es\/author\/infra\/"}]}},"_links":{"self":[{"href":"https:\/\/pousadaprado.adv.br\/es\/wp-json\/wp\/v2\/posts\/989873"}],"collection":[{"href":"https:\/\/pousadaprado.adv.br\/es\/wp-json\/wp\/v2\/posts"}],"about":[{"href":"https:\/\/pousadaprado.adv.br\/es\/wp-json\/wp\/v2\/types\/post"}],"author":[{"embeddable":true,"href":"https:\/\/pousadaprado.adv.br\/es\/wp-json\/wp\/v2\/users\/1"}],"replies":[{"embeddable":true,"href":"https:\/\/pousadaprado.adv.br\/es\/wp-json\/wp\/v2\/comments?post=989873"}],"version-history":[{"count":1,"href":"https:\/\/pousadaprado.adv.br\/es\/wp-json\/wp\/v2\/posts\/989873\/revisions"}],"predecessor-version":[{"id":989908,"href":"https:\/\/pousadaprado.adv.br\/es\/wp-json\/wp\/v2\/posts\/989873\/revisions\/989908"}],"wp:featuredmedia":[{"embeddable":true,"href":"https:\/\/pousadaprado.adv.br\/es\/wp-json\/wp\/v2\/media\/989524"}],"wp:attachment":[{"href":"https:\/\/pousadaprado.adv.br\/es\/wp-json\/wp\/v2\/media?parent=989873"}],"wp:term":[{"taxonomy":"category","embeddable":true,"href":"https:\/\/pousadaprado.adv.br\/es\/wp-json\/wp\/v2\/categories?post=989873"},{"taxonomy":"post_tag","embeddable":true,"href":"https:\/\/pousadaprado.adv.br\/es\/wp-json\/wp\/v2\/tags?post=989873"}],"curies":[{"name":"wp","href":"https:\/\/api.w.org\/{rel}","templated":true}]}}