{"id":989874,"date":"2024-03-13T19:35:00","date_gmt":"2024-03-13T22:35:00","guid":{"rendered":"https:\/\/pousadaprado.adv.br\/entidades-empresariais-espanholas-participaram-da-feira-intermodal-em-sao-paulo\/"},"modified":"2024-08-28T10:36:36","modified_gmt":"2024-08-28T13:36:36","slug":"entidades-empresariais-espanholas-participaram-da-feira-intermodal-em-sao-paulo","status":"publish","type":"post","link":"https:\/\/pousadaprado.adv.br\/es\/entidades-empresariais-espanholas-participaram-da-feira-intermodal-em-sao-paulo\/","title":{"rendered":"Entidades empresariales espa\u00f1olas participaron en la Feria Intermodal de S\u00e3o Paulo"},"content":{"rendered":"<div class=\"vgblk-rw-wrapper limit-wrapper\">\n<p>Las representaciones empresariales de la comunidad espa\u00f1ola en Brasil, en concreto el Foro Empresarial Hispano-Brasile\u00f1o (FEHB) y la Asociaci\u00f3n de Empresarios Gallegos en el Estado de S\u00e3o Paulo (AEGASP), tuvieron un papel destacado en la 28\u00aa edici\u00f3n de Intermodal Sudam\u00e9rica. Este evento, reconocido como el principal encuentro de log\u00edstica y transporte de Am\u00e9rica Latina, tuvo lugar del 5 al 7 de marzo de 2024, en S\u00e3o Paulo, reuniendo a importantes actores del sector.<\/p>\n\n\n\n<div style=\"height:20px\" aria-hidden=\"true\" class=\"wp-block-spacer\"><\/div>\n\n\n\n<div class=\"wp-block-columns is-layout-flex wp-container-core-columns-is-layout-1 wp-block-columns-is-layout-flex\">\n<div class=\"wp-block-column is-layout-flow wp-block-column-is-layout-flow\">\n<figure class=\"wp-block-image size-large\"><img fetchpriority=\"high\" decoding=\"async\" width=\"1024\" height=\"768\" src=\"https:\/\/pousadaprado.adv.br\/wp-content\/uploads\/2024\/03\/IMG-20240311-WA0056-1024x768.webp\" alt=\"pousada-prado-adv\" class=\"wp-image-988844\" srcset=\"https:\/\/pousadaprado.adv.br\/wp-content\/uploads\/2024\/03\/IMG-20240311-WA0056-1024x768.webp 1024w, https:\/\/pousadaprado.adv.br\/wp-content\/uploads\/2024\/03\/IMG-20240311-WA0056-300x225.webp 300w, https:\/\/pousadaprado.adv.br\/wp-content\/uploads\/2024\/03\/IMG-20240311-WA0056-768x576.webp 768w, https:\/\/pousadaprado.adv.br\/wp-content\/uploads\/2024\/03\/IMG-20240311-WA0056-1536x1152.webp 1536w, https:\/\/pousadaprado.adv.br\/wp-content\/uploads\/2024\/03\/IMG-20240311-WA0056.webp 1600w\" sizes=\"(max-width: 1024px) 100vw, 1024px\" \/><\/figure>\n<\/div>\n\n\n\n<div class=\"wp-block-column is-layout-flow wp-block-column-is-layout-flow\">\n<figure class=\"wp-block-image size-large\"><img decoding=\"async\" width=\"1024\" height=\"768\" src=\"https:\/\/pousadaprado.adv.br\/wp-content\/uploads\/2024\/03\/IMG-20240311-WA0049-1024x768.webp\" alt=\"\" class=\"wp-image-988845\" srcset=\"https:\/\/pousadaprado.adv.br\/wp-content\/uploads\/2024\/03\/IMG-20240311-WA0049-1024x768.webp 1024w, https:\/\/pousadaprado.adv.br\/wp-content\/uploads\/2024\/03\/IMG-20240311-WA0049-300x225.webp 300w, https:\/\/pousadaprado.adv.br\/wp-content\/uploads\/2024\/03\/IMG-20240311-WA0049-768x576.webp 768w, https:\/\/pousadaprado.adv.br\/wp-content\/uploads\/2024\/03\/IMG-20240311-WA0049-1536x1152.webp 1536w, https:\/\/pousadaprado.adv.br\/wp-content\/uploads\/2024\/03\/IMG-20240311-WA0049.webp 1600w\" sizes=\"(max-width: 1024px) 100vw, 1024px\" \/><\/figure>\n<\/div>\n<\/div>\n\n\n\n<div style=\"height:20px\" aria-hidden=\"true\" class=\"wp-block-spacer\"><\/div>\n\n\n\n<p>Bajo el liderazgo de Felipe Pousada Prado, presidente tanto de FEHB como de AEGASP, la delegaci\u00f3n estuvo presente con el objetivo de estrechar lazos con las empresas espa\u00f1olas participantes, con el objetivo de impulsar nuevas oportunidades de negocios y alianzas en el escenario brasile\u00f1o e iberoamericano.<\/p>\n\n\n\n<p>En su recorrido por la feria, Pousada Prado destac\u00f3 por visitar el Puerto de Bilbao y el stand del ICEX, lugares donde se concentraron representantes de destacados puertos espa\u00f1oles, entre ellos Algeciras, Las Palmas, Tenerife, Valencia y Barcelona. Esta visita permiti\u00f3 un valioso intercambio sobre las necesidades y expectativas de estos puertos en relaci\u00f3n al mercado brasile\u00f1o e iberoamericano.<\/p>\n\n\n\n<p>La ausencia institucional de puertos en Galicia fue observada con preocupaci\u00f3n por Pousada Prado, ya que supon\u00eda una p\u00e9rdida de oportunidades para la regi\u00f3n. La fuerte presencia de otras zonas de Espa\u00f1a contrast\u00f3 con la notable ausencia de Galicia, planteando interrogantes sobre su ausencia en eventos de magnitud internacional. Pousada Prado lament\u00f3 la postura de Galicia, percibida como un aislamiento voluntario y una elecci\u00f3n que hay que olvidar, en lugar de aprovechar la oportunidad de proyectarse globalmente. Reiter\u00f3 la urgente necesidad de Galicia de reposicionarse y participar activamente en el escenario internacional, adapt\u00e1ndose y contribuyendo al dinamismo global. A pesar de los retos, AEGASP sigue firme en su compromiso de representar a Galicia, buscando tender y fortalecer puentes con el sector privado gallego. La asociaci\u00f3n considera imprescindible la participaci\u00f3n activa de Galicia en el escenario mundial, con el objetivo de lograr un reconocimiento m\u00e1s amplio e influyente, especialmente en Brasil, donde se encuentra la segunda comunidad de gallegos fuera de Espa\u00f1a.<\/p>\n<\/div><!-- .vgblk-rw-wrapper -->","protected":false},"excerpt":{"rendered":"<p>Las representaciones empresariales de la comunidad espa\u00f1ola en Brasil, en concreto el Foro Empresarial Hispano-Brasile\u00f1o (FEHB) y la Asociaci\u00f3n de Empresarios Gallegos en el Estado de S\u00e3o Paulo (AEGASP), tuvieron un papel destacado en la 28\u00aa edici\u00f3n de Intermodal Sudam\u00e9rica. Este evento, reconocido como el principal encuentro de log\u00edstica y transporte de Am\u00e9rica Latina, tuvo&#8230;<\/p>\n","protected":false},"author":1,"featured_media":989521,"comment_status":"closed","ping_status":"open","sticky":false,"template":"","format":"standard","meta":{"inline_featured_image":false,"footnotes":""},"categories":[103,101],"tags":[109,129,126,128,111],"class_list":["post-989874","post","type-post","status-publish","format-standard","has-post-thumbnail","hentry","category-insights-es","category-noticias-es","tag-aegasp-es","tag-amega-es","tag-associacoes-es","tag-encontro-empresarial-es","tag-fehb-es"],"yoast_head":"<!-- This site is optimized with the Yoast SEO Premium plugin v21.3 (Yoast SEO v22.3) - https:\/\/yoast.com\/wordpress\/plugins\/seo\/ -->\n<title>Entidades empresariales espa\u00f1olas participaron en la Feria Intermodal de S\u00e3o Paulo - Pousada Prado<\/title>\n<meta name=\"robots\" content=\"index, follow, max-snippet:-1, max-image-preview:large, max-video-preview:-1\" \/>\n<link rel=\"canonical\" href=\"https:\/\/pousadaprado.adv.br\/es\/entidades-empresariais-espanholas-participaram-da-feira-intermodal-em-sao-paulo\/\" \/>\n<meta property=\"og:locale\" content=\"es_ES\" \/>\n<meta property=\"og:type\" content=\"article\" \/>\n<meta property=\"og:title\" content=\"Entidades empresariales espa\u00f1olas participaron en la Feria Intermodal de S\u00e3o Paulo\" \/>\n<meta property=\"og:description\" content=\"Las representaciones empresariales de la comunidad espa\u00f1ola en Brasil, en concreto el Foro Empresarial Hispano-Brasile\u00f1o (FEHB) y la Asociaci\u00f3n de Empresarios Gallegos en el Estado de S\u00e3o Paulo (AEGASP), tuvieron un papel destacado en la 28\u00aa edici\u00f3n de Intermodal Sudam\u00e9rica. Este evento, reconocido como el principal encuentro de log\u00edstica y transporte de Am\u00e9rica Latina, tuvo...\" \/>\n<meta property=\"og:url\" content=\"https:\/\/pousadaprado.adv.br\/es\/entidades-empresariais-espanholas-participaram-da-feira-intermodal-em-sao-paulo\/\" \/>\n<meta property=\"og:site_name\" content=\"Pousada Prado\" \/>\n<meta property=\"article:published_time\" content=\"2024-03-13T22:35:00+00:00\" \/>\n<meta property=\"article:modified_time\" content=\"2024-08-28T13:36:36+00:00\" \/>\n<meta property=\"og:image\" content=\"https:\/\/pousadaprado.adv.br\/wp-content\/uploads\/2024\/03\/IMG-20240311-WA0036.webp\" \/>\n\t<meta property=\"og:image:width\" content=\"1600\" \/>\n\t<meta property=\"og:image:height\" content=\"1200\" \/>\n\t<meta property=\"og:image:type\" content=\"image\/webp\" \/>\n<meta name=\"author\" content=\"infra\" \/>\n<meta name=\"twitter:card\" content=\"summary_large_image\" \/>\n<meta name=\"twitter:label1\" content=\"Escrito por\" \/>\n\t<meta name=\"twitter:data1\" content=\"infra\" \/>\n\t<meta name=\"twitter:label2\" content=\"Tiempo de lectura\" \/>\n\t<meta name=\"twitter:data2\" content=\"3 minutos\" \/>\n<script type=\"application\/ld+json\" class=\"yoast-schema-graph\">{\"@context\":\"https:\/\/schema.org\",\"@graph\":[{\"@type\":\"Article\",\"@id\":\"https:\/\/pousadaprado.adv.br\/es\/entidades-empresariais-espanholas-participaram-da-feira-intermodal-em-sao-paulo\/#article\",\"isPartOf\":{\"@id\":\"https:\/\/pousadaprado.adv.br\/es\/entidades-empresariais-espanholas-participaram-da-feira-intermodal-em-sao-paulo\/\"},\"author\":{\"name\":\"infra\",\"@id\":\"https:\/\/pousadaprado.adv.br\/#\/schema\/person\/4e8c376865e88b6c41c29af210f06d60\"},\"headline\":\"Entidades empresariales espa\u00f1olas participaron en la Feria Intermodal de S\u00e3o Paulo\",\"datePublished\":\"2024-03-13T22:35:00+00:00\",\"dateModified\":\"2024-08-28T13:36:36+00:00\",\"mainEntityOfPage\":{\"@id\":\"https:\/\/pousadaprado.adv.br\/es\/entidades-empresariais-espanholas-participaram-da-feira-intermodal-em-sao-paulo\/\"},\"wordCount\":374,\"publisher\":{\"@id\":\"https:\/\/pousadaprado.adv.br\/#organization\"},\"image\":{\"@id\":\"https:\/\/pousadaprado.adv.br\/es\/entidades-empresariais-espanholas-participaram-da-feira-intermodal-em-sao-paulo\/#primaryimage\"},\"thumbnailUrl\":\"https:\/\/pousadaprado.adv.br\/wp-content\/uploads\/2024\/03\/IMG-20240311-WA0036.webp\",\"keywords\":[\"AEGASP\",\"AMEGA\",\"Associa\u00e7\u00f5es\",\"Encontro Empresarial\",\"FEHB\"],\"articleSection\":[\"Insights\",\"Noticias\"],\"inLanguage\":\"es\"},{\"@type\":\"WebPage\",\"@id\":\"https:\/\/pousadaprado.adv.br\/es\/entidades-empresariais-espanholas-participaram-da-feira-intermodal-em-sao-paulo\/\",\"url\":\"https:\/\/pousadaprado.adv.br\/es\/entidades-empresariais-espanholas-participaram-da-feira-intermodal-em-sao-paulo\/\",\"name\":\"Entidades empresariales espa\u00f1olas participaron en la Feria Intermodal de S\u00e3o Paulo - Pousada Prado\",\"isPartOf\":{\"@id\":\"https:\/\/pousadaprado.adv.br\/#website\"},\"primaryImageOfPage\":{\"@id\":\"https:\/\/pousadaprado.adv.br\/es\/entidades-empresariais-espanholas-participaram-da-feira-intermodal-em-sao-paulo\/#primaryimage\"},\"image\":{\"@id\":\"https:\/\/pousadaprado.adv.br\/es\/entidades-empresariais-espanholas-participaram-da-feira-intermodal-em-sao-paulo\/#primaryimage\"},\"thumbnailUrl\":\"https:\/\/pousadaprado.adv.br\/wp-content\/uploads\/2024\/03\/IMG-20240311-WA0036.webp\",\"datePublished\":\"2024-03-13T22:35:00+00:00\",\"dateModified\":\"2024-08-28T13:36:36+00:00\",\"breadcrumb\":{\"@id\":\"https:\/\/pousadaprado.adv.br\/es\/entidades-empresariais-espanholas-participaram-da-feira-intermodal-em-sao-paulo\/#breadcrumb\"},\"inLanguage\":\"es\",\"potentialAction\":[{\"@type\":\"ReadAction\",\"target\":[\"https:\/\/pousadaprado.adv.br\/es\/entidades-empresariais-espanholas-participaram-da-feira-intermodal-em-sao-paulo\/\"]}]},{\"@type\":\"ImageObject\",\"inLanguage\":\"es\",\"@id\":\"https:\/\/pousadaprado.adv.br\/es\/entidades-empresariais-espanholas-participaram-da-feira-intermodal-em-sao-paulo\/#primaryimage\",\"url\":\"https:\/\/pousadaprado.adv.br\/wp-content\/uploads\/2024\/03\/IMG-20240311-WA0036.webp\",\"contentUrl\":\"https:\/\/pousadaprado.adv.br\/wp-content\/uploads\/2024\/03\/IMG-20240311-WA0036.webp\",\"width\":1600,\"height\":1200},{\"@type\":\"BreadcrumbList\",\"@id\":\"https:\/\/pousadaprado.adv.br\/es\/entidades-empresariais-espanholas-participaram-da-feira-intermodal-em-sao-paulo\/#breadcrumb\",\"itemListElement\":[{\"@type\":\"ListItem\",\"position\":1,\"name\":\"In\u00edcio\",\"item\":\"https:\/\/pousadaprado.adv.br\/\"},{\"@type\":\"ListItem\",\"position\":2,\"name\":\"Entidades empresariales espa\u00f1olas participaron en la Feria Intermodal de S\u00e3o Paulo\"}]},{\"@type\":\"WebSite\",\"@id\":\"https:\/\/pousadaprado.adv.br\/#website\",\"url\":\"https:\/\/pousadaprado.adv.br\/\",\"name\":\"Pousada Prado\",\"description\":\"Advogados Associados\",\"publisher\":{\"@id\":\"https:\/\/pousadaprado.adv.br\/#organization\"},\"potentialAction\":[{\"@type\":\"SearchAction\",\"target\":{\"@type\":\"EntryPoint\",\"urlTemplate\":\"https:\/\/pousadaprado.adv.br\/?s={search_term_string}\"},\"query-input\":\"required name=search_term_string\"}],\"inLanguage\":\"es\"},{\"@type\":\"Organization\",\"@id\":\"https:\/\/pousadaprado.adv.br\/#organization\",\"name\":\"Pousada Prado\",\"url\":\"https:\/\/pousadaprado.adv.br\/\",\"logo\":{\"@type\":\"ImageObject\",\"inLanguage\":\"es\",\"@id\":\"https:\/\/pousadaprado.adv.br\/#\/schema\/logo\/image\/\",\"url\":\"https:\/\/pousadaprado.adv.br\/wp-content\/uploads\/2023\/09\/PPAA_logotipo-horizontal-principal.svg\",\"contentUrl\":\"https:\/\/pousadaprado.adv.br\/wp-content\/uploads\/2023\/09\/PPAA_logotipo-horizontal-principal.svg\",\"width\":348,\"height\":52,\"caption\":\"Pousada Prado\"},\"image\":{\"@id\":\"https:\/\/pousadaprado.adv.br\/#\/schema\/logo\/image\/\"},\"sameAs\":[\"https:\/\/linkedin.com\/company\/pousada-benassi-advogados-associados\/about\/\"]},{\"@type\":\"Person\",\"@id\":\"https:\/\/pousadaprado.adv.br\/#\/schema\/person\/4e8c376865e88b6c41c29af210f06d60\",\"name\":\"infra\",\"image\":{\"@type\":\"ImageObject\",\"inLanguage\":\"es\",\"@id\":\"https:\/\/pousadaprado.adv.br\/#\/schema\/person\/image\/\",\"url\":\"https:\/\/secure.gravatar.com\/avatar\/89ca1c60ae2aa52cdef616e2fe5b1702?s=96&d=mm&r=g\",\"contentUrl\":\"https:\/\/secure.gravatar.com\/avatar\/89ca1c60ae2aa52cdef616e2fe5b1702?s=96&d=mm&r=g\",\"caption\":\"infra\"},\"sameAs\":[\"https:\/\/pousadaprado.adv.br\"],\"url\":\"https:\/\/pousadaprado.adv.br\/es\/author\/infra\/\"}]}<\/script>\n<!-- \/ Yoast SEO Premium plugin. -->","yoast_head_json":{"title":"Entidades empresariales espa\u00f1olas participaron en la Feria Intermodal de S\u00e3o Paulo - Pousada Prado","robots":{"index":"index","follow":"follow","max-snippet":"max-snippet:-1","max-image-preview":"max-image-preview:large","max-video-preview":"max-video-preview:-1"},"canonical":"https:\/\/pousadaprado.adv.br\/es\/entidades-empresariais-espanholas-participaram-da-feira-intermodal-em-sao-paulo\/","og_locale":"es_ES","og_type":"article","og_title":"Entidades empresariales espa\u00f1olas participaron en la Feria Intermodal de S\u00e3o Paulo","og_description":"Las representaciones empresariales de la comunidad espa\u00f1ola en Brasil, en concreto el Foro Empresarial Hispano-Brasile\u00f1o (FEHB) y la Asociaci\u00f3n de Empresarios Gallegos en el Estado de S\u00e3o Paulo (AEGASP), tuvieron un papel destacado en la 28\u00aa edici\u00f3n de Intermodal Sudam\u00e9rica. Este evento, reconocido como el principal encuentro de log\u00edstica y transporte de Am\u00e9rica Latina, tuvo...","og_url":"https:\/\/pousadaprado.adv.br\/es\/entidades-empresariais-espanholas-participaram-da-feira-intermodal-em-sao-paulo\/","og_site_name":"Pousada Prado","article_published_time":"2024-03-13T22:35:00+00:00","article_modified_time":"2024-08-28T13:36:36+00:00","og_image":[{"width":1600,"height":1200,"url":"https:\/\/pousadaprado.adv.br\/wp-content\/uploads\/2024\/03\/IMG-20240311-WA0036.webp","type":"image\/webp"}],"author":"infra","twitter_card":"summary_large_image","twitter_misc":{"Escrito por":"infra","Tiempo de lectura":"3 minutos"},"schema":{"@context":"https:\/\/schema.org","@graph":[{"@type":"Article","@id":"https:\/\/pousadaprado.adv.br\/es\/entidades-empresariais-espanholas-participaram-da-feira-intermodal-em-sao-paulo\/#article","isPartOf":{"@id":"https:\/\/pousadaprado.adv.br\/es\/entidades-empresariais-espanholas-participaram-da-feira-intermodal-em-sao-paulo\/"},"author":{"name":"infra","@id":"https:\/\/pousadaprado.adv.br\/#\/schema\/person\/4e8c376865e88b6c41c29af210f06d60"},"headline":"Entidades empresariales espa\u00f1olas participaron en la Feria Intermodal de S\u00e3o Paulo","datePublished":"2024-03-13T22:35:00+00:00","dateModified":"2024-08-28T13:36:36+00:00","mainEntityOfPage":{"@id":"https:\/\/pousadaprado.adv.br\/es\/entidades-empresariais-espanholas-participaram-da-feira-intermodal-em-sao-paulo\/"},"wordCount":374,"publisher":{"@id":"https:\/\/pousadaprado.adv.br\/#organization"},"image":{"@id":"https:\/\/pousadaprado.adv.br\/es\/entidades-empresariais-espanholas-participaram-da-feira-intermodal-em-sao-paulo\/#primaryimage"},"thumbnailUrl":"https:\/\/pousadaprado.adv.br\/wp-content\/uploads\/2024\/03\/IMG-20240311-WA0036.webp","keywords":["AEGASP","AMEGA","Associa\u00e7\u00f5es","Encontro Empresarial","FEHB"],"articleSection":["Insights","Noticias"],"inLanguage":"es"},{"@type":"WebPage","@id":"https:\/\/pousadaprado.adv.br\/es\/entidades-empresariais-espanholas-participaram-da-feira-intermodal-em-sao-paulo\/","url":"https:\/\/pousadaprado.adv.br\/es\/entidades-empresariais-espanholas-participaram-da-feira-intermodal-em-sao-paulo\/","name":"Entidades empresariales espa\u00f1olas participaron en la Feria Intermodal de S\u00e3o Paulo - Pousada Prado","isPartOf":{"@id":"https:\/\/pousadaprado.adv.br\/#website"},"primaryImageOfPage":{"@id":"https:\/\/pousadaprado.adv.br\/es\/entidades-empresariais-espanholas-participaram-da-feira-intermodal-em-sao-paulo\/#primaryimage"},"image":{"@id":"https:\/\/pousadaprado.adv.br\/es\/entidades-empresariais-espanholas-participaram-da-feira-intermodal-em-sao-paulo\/#primaryimage"},"thumbnailUrl":"https:\/\/pousadaprado.adv.br\/wp-content\/uploads\/2024\/03\/IMG-20240311-WA0036.webp","datePublished":"2024-03-13T22:35:00+00:00","dateModified":"2024-08-28T13:36:36+00:00","breadcrumb":{"@id":"https:\/\/pousadaprado.adv.br\/es\/entidades-empresariais-espanholas-participaram-da-feira-intermodal-em-sao-paulo\/#breadcrumb"},"inLanguage":"es","potentialAction":[{"@type":"ReadAction","target":["https:\/\/pousadaprado.adv.br\/es\/entidades-empresariais-espanholas-participaram-da-feira-intermodal-em-sao-paulo\/"]}]},{"@type":"ImageObject","inLanguage":"es","@id":"https:\/\/pousadaprado.adv.br\/es\/entidades-empresariais-espanholas-participaram-da-feira-intermodal-em-sao-paulo\/#primaryimage","url":"https:\/\/pousadaprado.adv.br\/wp-content\/uploads\/2024\/03\/IMG-20240311-WA0036.webp","contentUrl":"https:\/\/pousadaprado.adv.br\/wp-content\/uploads\/2024\/03\/IMG-20240311-WA0036.webp","width":1600,"height":1200},{"@type":"BreadcrumbList","@id":"https:\/\/pousadaprado.adv.br\/es\/entidades-empresariais-espanholas-participaram-da-feira-intermodal-em-sao-paulo\/#breadcrumb","itemListElement":[{"@type":"ListItem","position":1,"name":"In\u00edcio","item":"https:\/\/pousadaprado.adv.br\/"},{"@type":"ListItem","position":2,"name":"Entidades empresariales espa\u00f1olas participaron en la Feria Intermodal de S\u00e3o Paulo"}]},{"@type":"WebSite","@id":"https:\/\/pousadaprado.adv.br\/#website","url":"https:\/\/pousadaprado.adv.br\/","name":"Pousada Prado","description":"Advogados Associados","publisher":{"@id":"https:\/\/pousadaprado.adv.br\/#organization"},"potentialAction":[{"@type":"SearchAction","target":{"@type":"EntryPoint","urlTemplate":"https:\/\/pousadaprado.adv.br\/?s={search_term_string}"},"query-input":"required name=search_term_string"}],"inLanguage":"es"},{"@type":"Organization","@id":"https:\/\/pousadaprado.adv.br\/#organization","name":"Pousada Prado","url":"https:\/\/pousadaprado.adv.br\/","logo":{"@type":"ImageObject","inLanguage":"es","@id":"https:\/\/pousadaprado.adv.br\/#\/schema\/logo\/image\/","url":"https:\/\/pousadaprado.adv.br\/wp-content\/uploads\/2023\/09\/PPAA_logotipo-horizontal-principal.svg","contentUrl":"https:\/\/pousadaprado.adv.br\/wp-content\/uploads\/2023\/09\/PPAA_logotipo-horizontal-principal.svg","width":348,"height":52,"caption":"Pousada Prado"},"image":{"@id":"https:\/\/pousadaprado.adv.br\/#\/schema\/logo\/image\/"},"sameAs":["https:\/\/linkedin.com\/company\/pousada-benassi-advogados-associados\/about\/"]},{"@type":"Person","@id":"https:\/\/pousadaprado.adv.br\/#\/schema\/person\/4e8c376865e88b6c41c29af210f06d60","name":"infra","image":{"@type":"ImageObject","inLanguage":"es","@id":"https:\/\/pousadaprado.adv.br\/#\/schema\/person\/image\/","url":"https:\/\/secure.gravatar.com\/avatar\/89ca1c60ae2aa52cdef616e2fe5b1702?s=96&d=mm&r=g","contentUrl":"https:\/\/secure.gravatar.com\/avatar\/89ca1c60ae2aa52cdef616e2fe5b1702?s=96&d=mm&r=g","caption":"infra"},"sameAs":["https:\/\/pousadaprado.adv.br"],"url":"https:\/\/pousadaprado.adv.br\/es\/author\/infra\/"}]}},"_links":{"self":[{"href":"https:\/\/pousadaprado.adv.br\/es\/wp-json\/wp\/v2\/posts\/989874"}],"collection":[{"href":"https:\/\/pousadaprado.adv.br\/es\/wp-json\/wp\/v2\/posts"}],"about":[{"href":"https:\/\/pousadaprado.adv.br\/es\/wp-json\/wp\/v2\/types\/post"}],"author":[{"embeddable":true,"href":"https:\/\/pousadaprado.adv.br\/es\/wp-json\/wp\/v2\/users\/1"}],"replies":[{"embeddable":true,"href":"https:\/\/pousadaprado.adv.br\/es\/wp-json\/wp\/v2\/comments?post=989874"}],"version-history":[{"count":1,"href":"https:\/\/pousadaprado.adv.br\/es\/wp-json\/wp\/v2\/posts\/989874\/revisions"}],"predecessor-version":[{"id":989909,"href":"https:\/\/pousadaprado.adv.br\/es\/wp-json\/wp\/v2\/posts\/989874\/revisions\/989909"}],"wp:featuredmedia":[{"embeddable":true,"href":"https:\/\/pousadaprado.adv.br\/es\/wp-json\/wp\/v2\/media\/989521"}],"wp:attachment":[{"href":"https:\/\/pousadaprado.adv.br\/es\/wp-json\/wp\/v2\/media?parent=989874"}],"wp:term":[{"taxonomy":"category","embeddable":true,"href":"https:\/\/pousadaprado.adv.br\/es\/wp-json\/wp\/v2\/categories?post=989874"},{"taxonomy":"post_tag","embeddable":true,"href":"https:\/\/pousadaprado.adv.br\/es\/wp-json\/wp\/v2\/tags?post=989874"}],"curies":[{"name":"wp","href":"https:\/\/api.w.org\/{rel}","templated":true}]}}