{"id":989875,"date":"2023-10-04T08:25:54","date_gmt":"2023-10-04T11:25:54","guid":{"rendered":"https:\/\/pousadaprado.adv.br\/unimos-brasil-e-espanha\/"},"modified":"2024-08-28T10:38:27","modified_gmt":"2024-08-28T13:38:27","slug":"unimos-brasil-e-espanha","status":"publish","type":"post","link":"https:\/\/pousadaprado.adv.br\/es\/unimos-brasil-e-espanha\/","title":{"rendered":"Unimos Brasil y Espa\u00f1a"},"content":{"rendered":"\t\t<div data-elementor-type=\"wp-post\" data-elementor-id=\"989875\" class=\"elementor elementor-989875 elementor-125\" data-elementor-post-type=\"post\">\n\t\t\t\t\t\t<section class=\"elementor-section elementor-top-section elementor-element elementor-element-1790d2b3 elementor-section-boxed elementor-section-height-default elementor-section-height-default\" data-id=\"1790d2b3\" data-element_type=\"section\">\n\t\t\t\t\t\t<div class=\"elementor-container elementor-column-gap-no\">\n\t\t\t\t\t<div class=\"elementor-column elementor-col-100 elementor-top-column elementor-element elementor-element-48a8ca72\" data-id=\"48a8ca72\" data-element_type=\"column\">\n\t\t\t<div class=\"elementor-widget-wrap elementor-element-populated\">\n\t\t\t\t\t\t<div class=\"elementor-element elementor-element-47d24f0 elementor-widget elementor-widget-text-editor\" data-id=\"47d24f0\" data-element_type=\"widget\" data-widget_type=\"text-editor.default\">\n\t\t\t\t<div class=\"elementor-widget-container\">\n\t\t\t<style>\/*! elementor - v3.20.0 - 20-03-2024 *\/\n.elementor-widget-text-editor.elementor-drop-cap-view-stacked .elementor-drop-cap{background-color:#69727d;color:#fff}.elementor-widget-text-editor.elementor-drop-cap-view-framed .elementor-drop-cap{color:#69727d;border:3px solid;background-color:transparent}.elementor-widget-text-editor:not(.elementor-drop-cap-view-default) .elementor-drop-cap{margin-top:8px}.elementor-widget-text-editor:not(.elementor-drop-cap-view-default) .elementor-drop-cap-letter{width:1em;height:1em}.elementor-widget-text-editor .elementor-drop-cap{float:left;text-align:center;line-height:1;font-size:50px}.elementor-widget-text-editor .elementor-drop-cap-letter{display:inline-block}<\/style>\t\t\t\t<p>La oficina de Pousada Prado Advogados Asociados tiene el honor de ser parte y colaborar activamente con las siguientes entidades comerciales hispano-brasile\u00f1as, que fueron establecidas por la comunidad espa\u00f1ola en Brasil, desempe\u00f1ando un papel importante en la promoci\u00f3n del intercambio comercial y cultural entre los pa\u00edses:<\/p>\t\t\t\t\t\t<\/div>\n\t\t\t\t<\/div>\n\t\t\t\t\t<\/div>\n\t\t<\/div>\n\t\t\t\t\t<\/div>\n\t\t<\/section>\n\t\t\t\t<section class=\"elementor-section elementor-top-section elementor-element elementor-element-196383f7 elementor-section-boxed elementor-section-height-default elementor-section-height-default\" data-id=\"196383f7\" data-element_type=\"section\">\n\t\t\t\t\t\t<div class=\"elementor-container elementor-column-gap-no\">\n\t\t\t\t\t<div class=\"elementor-column elementor-col-100 elementor-top-column elementor-element elementor-element-9370cc0\" data-id=\"9370cc0\" data-element_type=\"column\">\n\t\t\t<div class=\"elementor-widget-wrap elementor-element-populated\">\n\t\t\t\t\t\t<div class=\"vamtam-has-theme-widget-styles elementor-element elementor-element-2b6e867b elementor-widget elementor-widget-image\" data-id=\"2b6e867b\" data-element_type=\"widget\" data-widget_type=\"image.default\">\n\t\t\t\t<div class=\"elementor-widget-container\">\n\t\t\t<style>\/*! elementor - v3.20.0 - 20-03-2024 *\/\n.elementor-widget-image{text-align:center}.elementor-widget-image a{display:inline-block}.elementor-widget-image a img[src$=\".svg\"]{width:48px}.elementor-widget-image img{vertical-align:middle;display:inline-block}<\/style>\t\t\t\t<div class=\"elementor-image\">\n\t\t\t\t\t\t\t\t\t\t\t\t\t\t\t\t\t\t\t\t\t<img fetchpriority=\"high\" decoding=\"async\" width=\"1024\" height=\"683\" src=\"https:\/\/pousadaprado.adv.br\/wp-content\/uploads\/2022\/12\/connecting-icon-people-wooden-cube-block-for-socia-2023-05-19-23-36-12-utc-1024x683.jpg\" class=\"attachment-large size-large wp-image-988261\" alt=\"\" srcset=\"https:\/\/pousadaprado.adv.br\/wp-content\/uploads\/2022\/12\/connecting-icon-people-wooden-cube-block-for-socia-2023-05-19-23-36-12-utc-1024x683.jpg 1024w, https:\/\/pousadaprado.adv.br\/wp-content\/uploads\/2022\/12\/connecting-icon-people-wooden-cube-block-for-socia-2023-05-19-23-36-12-utc-300x200.jpg 300w, https:\/\/pousadaprado.adv.br\/wp-content\/uploads\/2022\/12\/connecting-icon-people-wooden-cube-block-for-socia-2023-05-19-23-36-12-utc-768x512.jpg 768w, https:\/\/pousadaprado.adv.br\/wp-content\/uploads\/2022\/12\/connecting-icon-people-wooden-cube-block-for-socia-2023-05-19-23-36-12-utc-1536x1024.jpg 1536w, https:\/\/pousadaprado.adv.br\/wp-content\/uploads\/2022\/12\/connecting-icon-people-wooden-cube-block-for-socia-2023-05-19-23-36-12-utc-2048x1365.jpg 2048w\" sizes=\"(max-width: 1024px) 100vw, 1024px\" \/>\t\t\t\t\t\t\t\t\t\t\t\t\t\t\t\t\t\t\t\t\t\t\t\t<\/div>\n\t\t\t\t\t\t<\/div>\n\t\t\t\t<\/div>\n\t\t\t\t\t<\/div>\n\t\t<\/div>\n\t\t\t\t\t<\/div>\n\t\t<\/section>\n\t\t\t\t<section class=\"elementor-section elementor-top-section elementor-element elementor-element-56be0a26 elementor-section-boxed elementor-section-height-default elementor-section-height-default\" data-id=\"56be0a26\" data-element_type=\"section\">\n\t\t\t\t\t\t<div class=\"elementor-container elementor-column-gap-no\">\n\t\t\t\t\t<div class=\"elementor-column elementor-col-100 elementor-top-column elementor-element elementor-element-5ac35f93\" data-id=\"5ac35f93\" data-element_type=\"column\">\n\t\t\t<div class=\"elementor-widget-wrap elementor-element-populated\">\n\t\t\t\t\t\t<div class=\"elementor-element elementor-element-b8be116 elementor-widget elementor-widget-heading\" data-id=\"b8be116\" data-element_type=\"widget\" data-widget_type=\"heading.default\">\n\t\t\t\t<div class=\"elementor-widget-container\">\n\t\t\t<style>\/*! elementor - v3.20.0 - 20-03-2024 *\/\n.elementor-heading-title{padding:0;margin:0;line-height:1}.elementor-widget-heading .elementor-heading-title[class*=elementor-size-]>a{color:inherit;font-size:inherit;line-height:inherit}.elementor-widget-heading .elementor-heading-title.elementor-size-small{font-size:15px}.elementor-widget-heading .elementor-heading-title.elementor-size-medium{font-size:19px}.elementor-widget-heading .elementor-heading-title.elementor-size-large{font-size:29px}.elementor-widget-heading .elementor-heading-title.elementor-size-xl{font-size:39px}.elementor-widget-heading .elementor-heading-title.elementor-size-xxl{font-size:59px}<\/style><h3 class=\"elementor-heading-title elementor-size-default\">FEHB \u2013 Foro Empresarial Hispano-Brasile\u00f1o:<\/h3>\t\t<\/div>\n\t\t\t\t<\/div>\n\t\t\t\t<div class=\"elementor-element elementor-element-2e3a475 elementor-widget elementor-widget-text-editor\" data-id=\"2e3a475\" data-element_type=\"widget\" data-widget_type=\"text-editor.default\">\n\t\t\t\t<div class=\"elementor-widget-container\">\n\t\t\t\t\t\t\t<p>El Foro Empresarial Hispano-Brasile\u00f1o es una plataforma imprescindible para el di\u00e1logo y la cooperaci\u00f3n entre empresarios espa\u00f1oles y brasile\u00f1os. Participar del FEHB \u2013 Foro Empresarial Hispano-Brasile\u00f1o es crucial para la oficina de Pousada Prado por varias razones.<\/p><p>En primer lugar, proporciona una valiosa red internacional, permitiendo conexiones con emprendedores y l\u00edderes empresariales tanto de Espa\u00f1a como de Brasil, abriendo puertas a colaboraciones estrat\u00e9gicas y oportunidades de negocio. Adem\u00e1s, el foro ofrece una plataforma para intercambiar experiencias, conocimientos y mejores pr\u00e1cticas, enriqueciendo nuestro conocimiento y beneficiando directamente a nuestros clientes.<\/p><p>El acceso a recursos exclusivos como eventos y talleres mantiene a nuestro equipo actualizado sobre las \u00faltimas tendencias y regulaciones en los mercados espa\u00f1ol y brasile\u00f1o.<\/p><p>La participaci\u00f3n tambi\u00e9n aumenta nuestra visibilidad y credibilidad en la escena empresarial internacional, atrayendo clientes y socios potenciales.<\/p><p>Adem\u00e1s, al unir fuerzas con otras empresas en el foro, podemos abogar por pol\u00edticas que favorezcan el comercio bilateral, promoviendo un entorno empresarial m\u00e1s favorable. En resumen, la integraci\u00f3n en FEHB no s\u00f3lo refuerza nuestra posici\u00f3n como expertos en negocios entre Espa\u00f1a y Brasil, sino que tambi\u00e9n ampl\u00eda nuestras oportunidades de crecimiento, conocimiento y colaboraci\u00f3n estrat\u00e9gica.<\/p>\t\t\t\t\t\t<\/div>\n\t\t\t\t<\/div>\n\t\t\t\t<div class=\"elementor-element elementor-element-9abcb2a elementor-widget elementor-widget-heading\" data-id=\"9abcb2a\" data-element_type=\"widget\" data-widget_type=\"heading.default\">\n\t\t\t\t<div class=\"elementor-widget-container\">\n\t\t\t<h3 class=\"elementor-heading-title elementor-size-default\">AEGASP \u2013 Asociaci\u00f3n de Empresarios Gallegos del Estado de S\u00e3o Paulo<\/h3>\t\t<\/div>\n\t\t\t\t<\/div>\n\t\t\t\t<div class=\"elementor-element elementor-element-6b729d6 elementor-widget elementor-widget-text-editor\" data-id=\"6b729d6\" data-element_type=\"widget\" data-widget_type=\"text-editor.default\">\n\t\t\t\t<div class=\"elementor-widget-container\">\n\t\t\t\t\t\t\t<p>Esta asociaci\u00f3n, dedicada a los empresarios gallegos en S\u00e3o Paulo., \u00a0que no s\u00f3lo fortalece nuestros v\u00ednculos con el rico patrimonio cultural y empresarial de Galicia, sino que tambi\u00e9n proporciona una extensa red de contactos en diferentes pa\u00edses, enriqueciendo nuestro conocimiento de los matices regionales en los negocios. Participar en AEGASP \u2013 Asociaci\u00f3n de Empresarios Gallegos en el Estado de S\u00e3o Paulo es fundamental para nuestra oficina por varias razones estrat\u00e9gicas.<\/p><p>En primer lugar, la asociaci\u00f3n proporciona una valiosa red de contactos con empresarios gallegos en S\u00e3o Paulo, fortaleciendo nuestros v\u00ednculos con el rico patrimonio cultural y empresarial de Galicia, Espa\u00f1a. Al estar vinculado a AEGASP, nuestra oficina tiene acceso a un entorno exclusivo para compartir conocimientos y experiencias, permiti\u00e9ndonos aprender de las pr\u00e1cticas comerciales exitosas de estos miembros. Adem\u00e1s, la asociaci\u00f3n ofrece oportunidades \u00fanicas de networking, permitiendo colaboraciones estrat\u00e9gicas y asociaciones comerciales en el contexto local e internacional.<\/p><p>La participaci\u00f3n tambi\u00e9n nos mantiene actualizados sobre eventos, iniciativas y oportunidades de negocios espec\u00edficos de la comunidad gallega en S\u00e3o Paulo. As\u00ed, al ser parte de AEGASP, no s\u00f3lo fortalecemos nuestras relaciones comerciales, sino que tambi\u00e9n ampliamos nuestro conocimiento de la din\u00e1mica empresarial en la regi\u00f3n, brindando a nuestros clientes conocimientos valiosos y conexiones \u00fanicas en el mercado hispano-brasile\u00f1o.<\/p>\t\t\t\t\t\t<\/div>\n\t\t\t\t<\/div>\n\t\t\t\t\t<\/div>\n\t\t<\/div>\n\t\t\t\t\t<\/div>\n\t\t<\/section>\n\t\t\t\t<\/div>\n\t\t","protected":false},"excerpt":{"rendered":"<p>La oficina de Pousada Prado Advogados Asociados tiene el honor de ser parte y colaborar activamente con las siguientes entidades comerciales hispano-brasile\u00f1as, que fueron establecidas por la comunidad espa\u00f1ola en Brasil, desempe\u00f1ando un papel importante en la promoci\u00f3n del intercambio comercial y cultural entre los pa\u00edses: FEHB \u2013 Foro Empresarial Hispano-Brasile\u00f1o: El Foro Empresarial Hispano-Brasile\u00f1o&#8230;<\/p>\n","protected":false},"author":1,"featured_media":989498,"comment_status":"open","ping_status":"open","sticky":false,"template":"","format":"standard","meta":{"inline_featured_image":false,"footnotes":""},"categories":[103,91],"tags":[109,129,111],"class_list":["post-989875","post","type-post","status-publish","format-standard","has-post-thumbnail","hentry","category-insights-es","category-sin-categorizar","tag-aegasp-es","tag-amega-es","tag-fehb-es"],"yoast_head":"<!-- This site is optimized with the Yoast SEO Premium plugin v21.3 (Yoast SEO v22.3) - https:\/\/yoast.com\/wordpress\/plugins\/seo\/ -->\n<title>Unimos Brasil y Espa\u00f1a - Pousada Prado<\/title>\n<meta name=\"robots\" content=\"index, follow, max-snippet:-1, max-image-preview:large, max-video-preview:-1\" \/>\n<link rel=\"canonical\" href=\"https:\/\/pousadaprado.adv.br\/es\/unimos-brasil-e-espanha\/\" \/>\n<meta property=\"og:locale\" content=\"es_ES\" \/>\n<meta property=\"og:type\" content=\"article\" \/>\n<meta property=\"og:title\" content=\"Unimos Brasil y Espa\u00f1a\" \/>\n<meta property=\"og:description\" content=\"La oficina de Pousada Prado Advogados Asociados tiene el honor de ser parte y colaborar activamente con las siguientes entidades comerciales hispano-brasile\u00f1as, que fueron establecidas por la comunidad espa\u00f1ola en Brasil, desempe\u00f1ando un papel importante en la promoci\u00f3n del intercambio comercial y cultural entre los pa\u00edses: FEHB \u2013 Foro Empresarial Hispano-Brasile\u00f1o: El Foro Empresarial Hispano-Brasile\u00f1o...\" \/>\n<meta property=\"og:url\" content=\"https:\/\/pousadaprado.adv.br\/es\/unimos-brasil-e-espanha\/\" \/>\n<meta property=\"og:site_name\" content=\"Pousada Prado\" \/>\n<meta property=\"article:published_time\" content=\"2023-10-04T11:25:54+00:00\" \/>\n<meta property=\"article:modified_time\" content=\"2024-08-28T13:38:27+00:00\" \/>\n<meta property=\"og:image\" content=\"https:\/\/pousadaprado.adv.br\/wp-content\/uploads\/2022\/12\/connecting-icon-people-wooden-cube-block-for-socia-2023-05-19-23-36-12-utc-scaled.jpg\" \/>\n\t<meta property=\"og:image:width\" content=\"2560\" \/>\n\t<meta property=\"og:image:height\" content=\"1707\" \/>\n\t<meta property=\"og:image:type\" content=\"image\/jpeg\" \/>\n<meta name=\"author\" content=\"infra\" \/>\n<meta name=\"twitter:card\" content=\"summary_large_image\" \/>\n<meta name=\"twitter:label1\" content=\"Escrito por\" \/>\n\t<meta name=\"twitter:data1\" content=\"infra\" \/>\n\t<meta name=\"twitter:label2\" content=\"Tiempo de lectura\" \/>\n\t<meta name=\"twitter:data2\" content=\"3 minutos\" \/>\n<script type=\"application\/ld+json\" class=\"yoast-schema-graph\">{\"@context\":\"https:\/\/schema.org\",\"@graph\":[{\"@type\":\"Article\",\"@id\":\"https:\/\/pousadaprado.adv.br\/es\/unimos-brasil-e-espanha\/#article\",\"isPartOf\":{\"@id\":\"https:\/\/pousadaprado.adv.br\/es\/unimos-brasil-e-espanha\/\"},\"author\":{\"name\":\"infra\",\"@id\":\"https:\/\/pousadaprado.adv.br\/#\/schema\/person\/4e8c376865e88b6c41c29af210f06d60\"},\"headline\":\"Unimos Brasil y Espa\u00f1a\",\"datePublished\":\"2023-10-04T11:25:54+00:00\",\"dateModified\":\"2024-08-28T13:38:27+00:00\",\"mainEntityOfPage\":{\"@id\":\"https:\/\/pousadaprado.adv.br\/es\/unimos-brasil-e-espanha\/\"},\"wordCount\":520,\"commentCount\":0,\"publisher\":{\"@id\":\"https:\/\/pousadaprado.adv.br\/#organization\"},\"image\":{\"@id\":\"https:\/\/pousadaprado.adv.br\/es\/unimos-brasil-e-espanha\/#primaryimage\"},\"thumbnailUrl\":\"https:\/\/pousadaprado.adv.br\/wp-content\/uploads\/2022\/12\/connecting-icon-people-wooden-cube-block-for-socia-2023-05-19-23-36-12-utc-scaled.jpg\",\"keywords\":[\"AEGASP\",\"AMEGA\",\"FEHB\"],\"articleSection\":[\"Insights\",\"Sin categorizar\"],\"inLanguage\":\"es\",\"potentialAction\":[{\"@type\":\"CommentAction\",\"name\":\"Comment\",\"target\":[\"https:\/\/pousadaprado.adv.br\/es\/unimos-brasil-e-espanha\/#respond\"]}]},{\"@type\":\"WebPage\",\"@id\":\"https:\/\/pousadaprado.adv.br\/es\/unimos-brasil-e-espanha\/\",\"url\":\"https:\/\/pousadaprado.adv.br\/es\/unimos-brasil-e-espanha\/\",\"name\":\"Unimos Brasil y Espa\u00f1a - Pousada Prado\",\"isPartOf\":{\"@id\":\"https:\/\/pousadaprado.adv.br\/#website\"},\"primaryImageOfPage\":{\"@id\":\"https:\/\/pousadaprado.adv.br\/es\/unimos-brasil-e-espanha\/#primaryimage\"},\"image\":{\"@id\":\"https:\/\/pousadaprado.adv.br\/es\/unimos-brasil-e-espanha\/#primaryimage\"},\"thumbnailUrl\":\"https:\/\/pousadaprado.adv.br\/wp-content\/uploads\/2022\/12\/connecting-icon-people-wooden-cube-block-for-socia-2023-05-19-23-36-12-utc-scaled.jpg\",\"datePublished\":\"2023-10-04T11:25:54+00:00\",\"dateModified\":\"2024-08-28T13:38:27+00:00\",\"breadcrumb\":{\"@id\":\"https:\/\/pousadaprado.adv.br\/es\/unimos-brasil-e-espanha\/#breadcrumb\"},\"inLanguage\":\"es\",\"potentialAction\":[{\"@type\":\"ReadAction\",\"target\":[\"https:\/\/pousadaprado.adv.br\/es\/unimos-brasil-e-espanha\/\"]}]},{\"@type\":\"ImageObject\",\"inLanguage\":\"es\",\"@id\":\"https:\/\/pousadaprado.adv.br\/es\/unimos-brasil-e-espanha\/#primaryimage\",\"url\":\"https:\/\/pousadaprado.adv.br\/wp-content\/uploads\/2022\/12\/connecting-icon-people-wooden-cube-block-for-socia-2023-05-19-23-36-12-utc-scaled.jpg\",\"contentUrl\":\"https:\/\/pousadaprado.adv.br\/wp-content\/uploads\/2022\/12\/connecting-icon-people-wooden-cube-block-for-socia-2023-05-19-23-36-12-utc-scaled.jpg\",\"width\":2560,\"height\":1707,\"caption\":\"Social media, people or marketing networking concept using square wood blocks with people icon\"},{\"@type\":\"BreadcrumbList\",\"@id\":\"https:\/\/pousadaprado.adv.br\/es\/unimos-brasil-e-espanha\/#breadcrumb\",\"itemListElement\":[{\"@type\":\"ListItem\",\"position\":1,\"name\":\"In\u00edcio\",\"item\":\"https:\/\/pousadaprado.adv.br\/\"},{\"@type\":\"ListItem\",\"position\":2,\"name\":\"Unimos Brasil y Espa\u00f1a\"}]},{\"@type\":\"WebSite\",\"@id\":\"https:\/\/pousadaprado.adv.br\/#website\",\"url\":\"https:\/\/pousadaprado.adv.br\/\",\"name\":\"Pousada Prado\",\"description\":\"Advogados Associados\",\"publisher\":{\"@id\":\"https:\/\/pousadaprado.adv.br\/#organization\"},\"potentialAction\":[{\"@type\":\"SearchAction\",\"target\":{\"@type\":\"EntryPoint\",\"urlTemplate\":\"https:\/\/pousadaprado.adv.br\/?s={search_term_string}\"},\"query-input\":\"required name=search_term_string\"}],\"inLanguage\":\"es\"},{\"@type\":\"Organization\",\"@id\":\"https:\/\/pousadaprado.adv.br\/#organization\",\"name\":\"Pousada Prado\",\"url\":\"https:\/\/pousadaprado.adv.br\/\",\"logo\":{\"@type\":\"ImageObject\",\"inLanguage\":\"es\",\"@id\":\"https:\/\/pousadaprado.adv.br\/#\/schema\/logo\/image\/\",\"url\":\"https:\/\/pousadaprado.adv.br\/wp-content\/uploads\/2023\/09\/PPAA_logotipo-horizontal-principal.svg\",\"contentUrl\":\"https:\/\/pousadaprado.adv.br\/wp-content\/uploads\/2023\/09\/PPAA_logotipo-horizontal-principal.svg\",\"width\":348,\"height\":52,\"caption\":\"Pousada Prado\"},\"image\":{\"@id\":\"https:\/\/pousadaprado.adv.br\/#\/schema\/logo\/image\/\"},\"sameAs\":[\"https:\/\/linkedin.com\/company\/pousada-benassi-advogados-associados\/about\/\"]},{\"@type\":\"Person\",\"@id\":\"https:\/\/pousadaprado.adv.br\/#\/schema\/person\/4e8c376865e88b6c41c29af210f06d60\",\"name\":\"infra\",\"image\":{\"@type\":\"ImageObject\",\"inLanguage\":\"es\",\"@id\":\"https:\/\/pousadaprado.adv.br\/#\/schema\/person\/image\/\",\"url\":\"https:\/\/secure.gravatar.com\/avatar\/89ca1c60ae2aa52cdef616e2fe5b1702?s=96&d=mm&r=g\",\"contentUrl\":\"https:\/\/secure.gravatar.com\/avatar\/89ca1c60ae2aa52cdef616e2fe5b1702?s=96&d=mm&r=g\",\"caption\":\"infra\"},\"sameAs\":[\"https:\/\/pousadaprado.adv.br\"],\"url\":\"https:\/\/pousadaprado.adv.br\/es\/author\/infra\/\"}]}<\/script>\n<!-- \/ Yoast SEO Premium plugin. -->","yoast_head_json":{"title":"Unimos Brasil y Espa\u00f1a - Pousada Prado","robots":{"index":"index","follow":"follow","max-snippet":"max-snippet:-1","max-image-preview":"max-image-preview:large","max-video-preview":"max-video-preview:-1"},"canonical":"https:\/\/pousadaprado.adv.br\/es\/unimos-brasil-e-espanha\/","og_locale":"es_ES","og_type":"article","og_title":"Unimos Brasil y Espa\u00f1a","og_description":"La oficina de Pousada Prado Advogados Asociados tiene el honor de ser parte y colaborar activamente con las siguientes entidades comerciales hispano-brasile\u00f1as, que fueron establecidas por la comunidad espa\u00f1ola en Brasil, desempe\u00f1ando un papel importante en la promoci\u00f3n del intercambio comercial y cultural entre los pa\u00edses: FEHB \u2013 Foro Empresarial Hispano-Brasile\u00f1o: El Foro Empresarial Hispano-Brasile\u00f1o...","og_url":"https:\/\/pousadaprado.adv.br\/es\/unimos-brasil-e-espanha\/","og_site_name":"Pousada Prado","article_published_time":"2023-10-04T11:25:54+00:00","article_modified_time":"2024-08-28T13:38:27+00:00","og_image":[{"width":2560,"height":1707,"url":"https:\/\/pousadaprado.adv.br\/wp-content\/uploads\/2022\/12\/connecting-icon-people-wooden-cube-block-for-socia-2023-05-19-23-36-12-utc-scaled.jpg","type":"image\/jpeg"}],"author":"infra","twitter_card":"summary_large_image","twitter_misc":{"Escrito por":"infra","Tiempo de lectura":"3 minutos"},"schema":{"@context":"https:\/\/schema.org","@graph":[{"@type":"Article","@id":"https:\/\/pousadaprado.adv.br\/es\/unimos-brasil-e-espanha\/#article","isPartOf":{"@id":"https:\/\/pousadaprado.adv.br\/es\/unimos-brasil-e-espanha\/"},"author":{"name":"infra","@id":"https:\/\/pousadaprado.adv.br\/#\/schema\/person\/4e8c376865e88b6c41c29af210f06d60"},"headline":"Unimos Brasil y Espa\u00f1a","datePublished":"2023-10-04T11:25:54+00:00","dateModified":"2024-08-28T13:38:27+00:00","mainEntityOfPage":{"@id":"https:\/\/pousadaprado.adv.br\/es\/unimos-brasil-e-espanha\/"},"wordCount":520,"commentCount":0,"publisher":{"@id":"https:\/\/pousadaprado.adv.br\/#organization"},"image":{"@id":"https:\/\/pousadaprado.adv.br\/es\/unimos-brasil-e-espanha\/#primaryimage"},"thumbnailUrl":"https:\/\/pousadaprado.adv.br\/wp-content\/uploads\/2022\/12\/connecting-icon-people-wooden-cube-block-for-socia-2023-05-19-23-36-12-utc-scaled.jpg","keywords":["AEGASP","AMEGA","FEHB"],"articleSection":["Insights","Sin categorizar"],"inLanguage":"es","potentialAction":[{"@type":"CommentAction","name":"Comment","target":["https:\/\/pousadaprado.adv.br\/es\/unimos-brasil-e-espanha\/#respond"]}]},{"@type":"WebPage","@id":"https:\/\/pousadaprado.adv.br\/es\/unimos-brasil-e-espanha\/","url":"https:\/\/pousadaprado.adv.br\/es\/unimos-brasil-e-espanha\/","name":"Unimos Brasil y Espa\u00f1a - Pousada Prado","isPartOf":{"@id":"https:\/\/pousadaprado.adv.br\/#website"},"primaryImageOfPage":{"@id":"https:\/\/pousadaprado.adv.br\/es\/unimos-brasil-e-espanha\/#primaryimage"},"image":{"@id":"https:\/\/pousadaprado.adv.br\/es\/unimos-brasil-e-espanha\/#primaryimage"},"thumbnailUrl":"https:\/\/pousadaprado.adv.br\/wp-content\/uploads\/2022\/12\/connecting-icon-people-wooden-cube-block-for-socia-2023-05-19-23-36-12-utc-scaled.jpg","datePublished":"2023-10-04T11:25:54+00:00","dateModified":"2024-08-28T13:38:27+00:00","breadcrumb":{"@id":"https:\/\/pousadaprado.adv.br\/es\/unimos-brasil-e-espanha\/#breadcrumb"},"inLanguage":"es","potentialAction":[{"@type":"ReadAction","target":["https:\/\/pousadaprado.adv.br\/es\/unimos-brasil-e-espanha\/"]}]},{"@type":"ImageObject","inLanguage":"es","@id":"https:\/\/pousadaprado.adv.br\/es\/unimos-brasil-e-espanha\/#primaryimage","url":"https:\/\/pousadaprado.adv.br\/wp-content\/uploads\/2022\/12\/connecting-icon-people-wooden-cube-block-for-socia-2023-05-19-23-36-12-utc-scaled.jpg","contentUrl":"https:\/\/pousadaprado.adv.br\/wp-content\/uploads\/2022\/12\/connecting-icon-people-wooden-cube-block-for-socia-2023-05-19-23-36-12-utc-scaled.jpg","width":2560,"height":1707,"caption":"Social media, people or marketing networking concept using square wood blocks with people icon"},{"@type":"BreadcrumbList","@id":"https:\/\/pousadaprado.adv.br\/es\/unimos-brasil-e-espanha\/#breadcrumb","itemListElement":[{"@type":"ListItem","position":1,"name":"In\u00edcio","item":"https:\/\/pousadaprado.adv.br\/"},{"@type":"ListItem","position":2,"name":"Unimos Brasil y Espa\u00f1a"}]},{"@type":"WebSite","@id":"https:\/\/pousadaprado.adv.br\/#website","url":"https:\/\/pousadaprado.adv.br\/","name":"Pousada Prado","description":"Advogados Associados","publisher":{"@id":"https:\/\/pousadaprado.adv.br\/#organization"},"potentialAction":[{"@type":"SearchAction","target":{"@type":"EntryPoint","urlTemplate":"https:\/\/pousadaprado.adv.br\/?s={search_term_string}"},"query-input":"required name=search_term_string"}],"inLanguage":"es"},{"@type":"Organization","@id":"https:\/\/pousadaprado.adv.br\/#organization","name":"Pousada Prado","url":"https:\/\/pousadaprado.adv.br\/","logo":{"@type":"ImageObject","inLanguage":"es","@id":"https:\/\/pousadaprado.adv.br\/#\/schema\/logo\/image\/","url":"https:\/\/pousadaprado.adv.br\/wp-content\/uploads\/2023\/09\/PPAA_logotipo-horizontal-principal.svg","contentUrl":"https:\/\/pousadaprado.adv.br\/wp-content\/uploads\/2023\/09\/PPAA_logotipo-horizontal-principal.svg","width":348,"height":52,"caption":"Pousada Prado"},"image":{"@id":"https:\/\/pousadaprado.adv.br\/#\/schema\/logo\/image\/"},"sameAs":["https:\/\/linkedin.com\/company\/pousada-benassi-advogados-associados\/about\/"]},{"@type":"Person","@id":"https:\/\/pousadaprado.adv.br\/#\/schema\/person\/4e8c376865e88b6c41c29af210f06d60","name":"infra","image":{"@type":"ImageObject","inLanguage":"es","@id":"https:\/\/pousadaprado.adv.br\/#\/schema\/person\/image\/","url":"https:\/\/secure.gravatar.com\/avatar\/89ca1c60ae2aa52cdef616e2fe5b1702?s=96&d=mm&r=g","contentUrl":"https:\/\/secure.gravatar.com\/avatar\/89ca1c60ae2aa52cdef616e2fe5b1702?s=96&d=mm&r=g","caption":"infra"},"sameAs":["https:\/\/pousadaprado.adv.br"],"url":"https:\/\/pousadaprado.adv.br\/es\/author\/infra\/"}]}},"_links":{"self":[{"href":"https:\/\/pousadaprado.adv.br\/es\/wp-json\/wp\/v2\/posts\/989875"}],"collection":[{"href":"https:\/\/pousadaprado.adv.br\/es\/wp-json\/wp\/v2\/posts"}],"about":[{"href":"https:\/\/pousadaprado.adv.br\/es\/wp-json\/wp\/v2\/types\/post"}],"author":[{"embeddable":true,"href":"https:\/\/pousadaprado.adv.br\/es\/wp-json\/wp\/v2\/users\/1"}],"replies":[{"embeddable":true,"href":"https:\/\/pousadaprado.adv.br\/es\/wp-json\/wp\/v2\/comments?post=989875"}],"version-history":[{"count":6,"href":"https:\/\/pousadaprado.adv.br\/es\/wp-json\/wp\/v2\/posts\/989875\/revisions"}],"predecessor-version":[{"id":989915,"href":"https:\/\/pousadaprado.adv.br\/es\/wp-json\/wp\/v2\/posts\/989875\/revisions\/989915"}],"wp:featuredmedia":[{"embeddable":true,"href":"https:\/\/pousadaprado.adv.br\/es\/wp-json\/wp\/v2\/media\/989498"}],"wp:attachment":[{"href":"https:\/\/pousadaprado.adv.br\/es\/wp-json\/wp\/v2\/media?parent=989875"}],"wp:term":[{"taxonomy":"category","embeddable":true,"href":"https:\/\/pousadaprado.adv.br\/es\/wp-json\/wp\/v2\/categories?post=989875"},{"taxonomy":"post_tag","embeddable":true,"href":"https:\/\/pousadaprado.adv.br\/es\/wp-json\/wp\/v2\/tags?post=989875"}],"curies":[{"name":"wp","href":"https:\/\/api.w.org\/{rel}","templated":true}]}}