{"id":989876,"date":"2023-02-05T11:49:00","date_gmt":"2023-02-05T14:49:00","guid":{"rendered":"https:\/\/pousadaprado.adv.br\/liderando-a-conexao-empresarial-entre-galicia-e-brasil\/"},"modified":"2024-08-28T10:39:58","modified_gmt":"2024-08-28T13:39:58","slug":"liderando-a-conexao-empresarial-entre-galicia-e-brasil","status":"publish","type":"post","link":"https:\/\/pousadaprado.adv.br\/es\/liderando-a-conexao-empresarial-entre-galicia-e-brasil\/","title":{"rendered":"Liderando la Conexi\u00f3n Empresarial entre Galicia y Brasil"},"content":{"rendered":"\t\t<div data-elementor-type=\"wp-post\" data-elementor-id=\"989876\" class=\"elementor elementor-989876 elementor-988711\" data-elementor-post-type=\"post\">\n\t\t\t\t\t\t<section class=\"elementor-section elementor-top-section elementor-element elementor-element-56be0a26 elementor-section-boxed elementor-section-height-default elementor-section-height-default\" data-id=\"56be0a26\" data-element_type=\"section\">\n\t\t\t\t\t\t<div class=\"elementor-container elementor-column-gap-no\">\n\t\t\t\t\t<div class=\"elementor-column elementor-col-100 elementor-top-column elementor-element elementor-element-5ac35f93\" data-id=\"5ac35f93\" data-element_type=\"column\">\n\t\t\t<div class=\"elementor-widget-wrap elementor-element-populated\">\n\t\t\t\t\t\t<div class=\"elementor-element elementor-element-2e3a475 elementor-widget elementor-widget-text-editor\" data-id=\"2e3a475\" data-element_type=\"widget\" data-widget_type=\"text-editor.default\">\n\t\t\t\t<div class=\"elementor-widget-container\">\n\t\t\t<style>\/*! elementor - v3.20.0 - 20-03-2024 *\/\n.elementor-widget-text-editor.elementor-drop-cap-view-stacked .elementor-drop-cap{background-color:#69727d;color:#fff}.elementor-widget-text-editor.elementor-drop-cap-view-framed .elementor-drop-cap{color:#69727d;border:3px solid;background-color:transparent}.elementor-widget-text-editor:not(.elementor-drop-cap-view-default) .elementor-drop-cap{margin-top:8px}.elementor-widget-text-editor:not(.elementor-drop-cap-view-default) .elementor-drop-cap-letter{width:1em;height:1em}.elementor-widget-text-editor .elementor-drop-cap{float:left;text-align:center;line-height:1;font-size:50px}.elementor-widget-text-editor .elementor-drop-cap-letter{display:inline-block}<\/style>\t\t\t\t<p>S\u00e3o Paulo \u2013 En revelador di\u00e1logo con Revista Eco, Felipe Pousada Prado, presidente de la Asociaci\u00f3n de Empresarios Gallegos del Estado de S\u00e3o Paulo (Aegasp), comparti\u00f3 su perspectiva y los esfuerzos que est\u00e1n realizando para fortalecer los v\u00ednculos entre Galicia y Brasil. En esta entrevista exclusiva, celebrada en el coraz\u00f3n financiero de S\u00e3o Paulo, Pousada analiz\u00f3 la evoluci\u00f3n de la presencia gallega en Brasil, las oportunidades de negocio entre las regiones y c\u00f3mo Aegasp est\u00e1 trabajando para abrir puertas a las empresas gallegas en el gigante sudamericano.<\/p><p>Hist\u00f3ricamente, la emigraci\u00f3n gallega a Brasil estuvo ligada a la hosteler\u00eda y la restauraci\u00f3n, pero, seg\u00fan Pousada, este escenario ha cambiado significativamente. \u201cHoy hablamos m\u00e1s de expatriados que de emigrantes. Vienen a trabajar para multinacionales o grandes empresas, no necesariamente para establecerse aqu\u00ed\u201d, explica. Se trata de una transici\u00f3n en el perfil del inmigrante gallego, poniendo de relieve un cambio de intenciones y de permanencia en el pa\u00eds.<\/p><p>A pesar de esta evoluci\u00f3n, la comunidad gallega sigue teniendo una fuerte presencia, especialmente en Santos, la conocida como \u201cGalicia brasile\u00f1a\u201d. Seg\u00fan Pousada, datos del Consulado de Espa\u00f1a en S\u00e3o Paulo indican que la mayor\u00eda de los inmigrantes gallegos en Santos proceden de las provincias de Ourense y Pontevedra, habiendo desempe\u00f1ado un papel importante en la vida de la ciudad.<\/p><p>Respecto a las actuales relaciones entre Galicia y Brasil, Pousada cree que, aunque importantes, podr\u00edan ser m\u00e1s profundas, especialmente en el \u00e1mbito econ\u00f3mico. \u201cHay grandes oportunidades en Brasil que Galicia podr\u00eda aprovechar mucho mejor\u201d, afirma. Destaca la demanda de productos alimentarios de alta calidad, como vino, aceite de oliva, frutos secos y pescado, donde Galicia tiene un importante potencial para ofrecer al mercado brasile\u00f1o.<\/p><p>Actualmente, menos de una decena de empresas vinculadas a Galicia tienen presencia significativa en Brasil, entre ellas Abanca, Calvo y Estrella Galicia, que construye su mayor f\u00e1brica en el interior de S\u00e3o Paulo, en Araraquara. Pousada ve potencial de expansi\u00f3n, particularmente en el sector mar\u00edtimo, donde Galicia podr\u00eda invertir y generar trabajo y riqueza tanto para ella como para Brasil.<\/p><p><a href=\"https:\/\/pousadaprado.adv.br\/wp-content\/uploads\/2024\/03\/PPVA-Revista-ECO.pdf\" target=\"_blank\" rel=\"noopener\">Mira el art\u00edculo completo<\/a><\/p>\t\t\t\t\t\t<\/div>\n\t\t\t\t<\/div>\n\t\t\t\t\t<\/div>\n\t\t<\/div>\n\t\t\t\t\t<\/div>\n\t\t<\/section>\n\t\t\t\t<\/div>\n\t\t","protected":false},"excerpt":{"rendered":"<p>S\u00e3o Paulo \u2013 En revelador di\u00e1logo con Revista Eco, Felipe Pousada Prado, presidente de la Asociaci\u00f3n de Empresarios Gallegos del Estado de S\u00e3o Paulo (Aegasp), comparti\u00f3 su perspectiva y los esfuerzos que est\u00e1n realizando para fortalecer los v\u00ednculos entre Galicia y Brasil. En esta entrevista exclusiva, celebrada en el coraz\u00f3n financiero de S\u00e3o Paulo, Pousada&#8230;<\/p>\n","protected":false},"author":1,"featured_media":989517,"comment_status":"open","ping_status":"open","sticky":false,"template":"","format":"standard","meta":{"inline_featured_image":false,"footnotes":""},"categories":[103,101],"tags":[109,105,130,131,132,133],"class_list":["post-989876","post","type-post","status-publish","format-standard","has-post-thumbnail","hentry","category-insights-es","category-noticias-es","tag-aegasp-es","tag-brasil-es","tag-empresarios-es","tag-galicia-es","tag-galicia-brasileira-es","tag-imigrante-galego-es"],"yoast_head":"<!-- This site is optimized with the Yoast SEO Premium plugin v21.3 (Yoast SEO v22.3) - https:\/\/yoast.com\/wordpress\/plugins\/seo\/ -->\n<title>Liderando la Conexi\u00f3n Empresarial entre Galicia y Brasil - Pousada Prado<\/title>\n<meta name=\"robots\" content=\"index, follow, max-snippet:-1, max-image-preview:large, max-video-preview:-1\" \/>\n<link rel=\"canonical\" href=\"https:\/\/pousadaprado.adv.br\/es\/liderando-a-conexao-empresarial-entre-galicia-e-brasil\/\" \/>\n<meta property=\"og:locale\" content=\"es_ES\" \/>\n<meta property=\"og:type\" content=\"article\" \/>\n<meta property=\"og:title\" content=\"Liderando la Conexi\u00f3n Empresarial entre Galicia y Brasil\" \/>\n<meta property=\"og:description\" content=\"S\u00e3o Paulo \u2013 En revelador di\u00e1logo con Revista Eco, Felipe Pousada Prado, presidente de la Asociaci\u00f3n de Empresarios Gallegos del Estado de S\u00e3o Paulo (Aegasp), comparti\u00f3 su perspectiva y los esfuerzos que est\u00e1n realizando para fortalecer los v\u00ednculos entre Galicia y Brasil. En esta entrevista exclusiva, celebrada en el coraz\u00f3n financiero de S\u00e3o Paulo, Pousada...\" \/>\n<meta property=\"og:url\" content=\"https:\/\/pousadaprado.adv.br\/es\/liderando-a-conexao-empresarial-entre-galicia-e-brasil\/\" \/>\n<meta property=\"og:site_name\" content=\"Pousada Prado\" \/>\n<meta property=\"article:published_time\" content=\"2023-02-05T14:49:00+00:00\" \/>\n<meta property=\"article:modified_time\" content=\"2024-08-28T13:39:58+00:00\" \/>\n<meta property=\"og:image\" content=\"https:\/\/pousadaprado.adv.br\/wp-content\/uploads\/2024\/03\/noticia-felipe-pousada.png\" \/>\n\t<meta property=\"og:image:width\" content=\"687\" \/>\n\t<meta property=\"og:image:height\" content=\"501\" \/>\n\t<meta property=\"og:image:type\" content=\"image\/png\" \/>\n<meta name=\"author\" content=\"infra\" \/>\n<meta name=\"twitter:card\" content=\"summary_large_image\" \/>\n<meta name=\"twitter:label1\" content=\"Escrito por\" \/>\n\t<meta name=\"twitter:data1\" content=\"infra\" \/>\n\t<meta name=\"twitter:label2\" content=\"Tiempo de lectura\" \/>\n\t<meta name=\"twitter:data2\" content=\"2 minutos\" \/>\n<script type=\"application\/ld+json\" class=\"yoast-schema-graph\">{\"@context\":\"https:\/\/schema.org\",\"@graph\":[{\"@type\":\"Article\",\"@id\":\"https:\/\/pousadaprado.adv.br\/es\/liderando-a-conexao-empresarial-entre-galicia-e-brasil\/#article\",\"isPartOf\":{\"@id\":\"https:\/\/pousadaprado.adv.br\/es\/liderando-a-conexao-empresarial-entre-galicia-e-brasil\/\"},\"author\":{\"name\":\"infra\",\"@id\":\"https:\/\/pousadaprado.adv.br\/#\/schema\/person\/4e8c376865e88b6c41c29af210f06d60\"},\"headline\":\"Liderando la Conexi\u00f3n Empresarial entre Galicia y Brasil\",\"datePublished\":\"2023-02-05T14:49:00+00:00\",\"dateModified\":\"2024-08-28T13:39:58+00:00\",\"mainEntityOfPage\":{\"@id\":\"https:\/\/pousadaprado.adv.br\/es\/liderando-a-conexao-empresarial-entre-galicia-e-brasil\/\"},\"wordCount\":387,\"commentCount\":0,\"publisher\":{\"@id\":\"https:\/\/pousadaprado.adv.br\/#organization\"},\"image\":{\"@id\":\"https:\/\/pousadaprado.adv.br\/es\/liderando-a-conexao-empresarial-entre-galicia-e-brasil\/#primaryimage\"},\"thumbnailUrl\":\"https:\/\/pousadaprado.adv.br\/wp-content\/uploads\/2024\/03\/noticia-felipe-pousada.png\",\"keywords\":[\"AEGASP\",\"Brasil\",\"Empres\u00e1rios\",\"Galicia\",\"Galicia Brasileira\",\"Imigrante Galego\"],\"articleSection\":[\"Insights\",\"Noticias\"],\"inLanguage\":\"es\",\"potentialAction\":[{\"@type\":\"CommentAction\",\"name\":\"Comment\",\"target\":[\"https:\/\/pousadaprado.adv.br\/es\/liderando-a-conexao-empresarial-entre-galicia-e-brasil\/#respond\"]}]},{\"@type\":\"WebPage\",\"@id\":\"https:\/\/pousadaprado.adv.br\/es\/liderando-a-conexao-empresarial-entre-galicia-e-brasil\/\",\"url\":\"https:\/\/pousadaprado.adv.br\/es\/liderando-a-conexao-empresarial-entre-galicia-e-brasil\/\",\"name\":\"Liderando la Conexi\u00f3n Empresarial entre Galicia y Brasil - Pousada Prado\",\"isPartOf\":{\"@id\":\"https:\/\/pousadaprado.adv.br\/#website\"},\"primaryImageOfPage\":{\"@id\":\"https:\/\/pousadaprado.adv.br\/es\/liderando-a-conexao-empresarial-entre-galicia-e-brasil\/#primaryimage\"},\"image\":{\"@id\":\"https:\/\/pousadaprado.adv.br\/es\/liderando-a-conexao-empresarial-entre-galicia-e-brasil\/#primaryimage\"},\"thumbnailUrl\":\"https:\/\/pousadaprado.adv.br\/wp-content\/uploads\/2024\/03\/noticia-felipe-pousada.png\",\"datePublished\":\"2023-02-05T14:49:00+00:00\",\"dateModified\":\"2024-08-28T13:39:58+00:00\",\"breadcrumb\":{\"@id\":\"https:\/\/pousadaprado.adv.br\/es\/liderando-a-conexao-empresarial-entre-galicia-e-brasil\/#breadcrumb\"},\"inLanguage\":\"es\",\"potentialAction\":[{\"@type\":\"ReadAction\",\"target\":[\"https:\/\/pousadaprado.adv.br\/es\/liderando-a-conexao-empresarial-entre-galicia-e-brasil\/\"]}]},{\"@type\":\"ImageObject\",\"inLanguage\":\"es\",\"@id\":\"https:\/\/pousadaprado.adv.br\/es\/liderando-a-conexao-empresarial-entre-galicia-e-brasil\/#primaryimage\",\"url\":\"https:\/\/pousadaprado.adv.br\/wp-content\/uploads\/2024\/03\/noticia-felipe-pousada.png\",\"contentUrl\":\"https:\/\/pousadaprado.adv.br\/wp-content\/uploads\/2024\/03\/noticia-felipe-pousada.png\",\"width\":687,\"height\":501},{\"@type\":\"BreadcrumbList\",\"@id\":\"https:\/\/pousadaprado.adv.br\/es\/liderando-a-conexao-empresarial-entre-galicia-e-brasil\/#breadcrumb\",\"itemListElement\":[{\"@type\":\"ListItem\",\"position\":1,\"name\":\"In\u00edcio\",\"item\":\"https:\/\/pousadaprado.adv.br\/\"},{\"@type\":\"ListItem\",\"position\":2,\"name\":\"Liderando la Conexi\u00f3n Empresarial entre Galicia y Brasil\"}]},{\"@type\":\"WebSite\",\"@id\":\"https:\/\/pousadaprado.adv.br\/#website\",\"url\":\"https:\/\/pousadaprado.adv.br\/\",\"name\":\"Pousada Prado\",\"description\":\"Advogados Associados\",\"publisher\":{\"@id\":\"https:\/\/pousadaprado.adv.br\/#organization\"},\"potentialAction\":[{\"@type\":\"SearchAction\",\"target\":{\"@type\":\"EntryPoint\",\"urlTemplate\":\"https:\/\/pousadaprado.adv.br\/?s={search_term_string}\"},\"query-input\":\"required name=search_term_string\"}],\"inLanguage\":\"es\"},{\"@type\":\"Organization\",\"@id\":\"https:\/\/pousadaprado.adv.br\/#organization\",\"name\":\"Pousada Prado\",\"url\":\"https:\/\/pousadaprado.adv.br\/\",\"logo\":{\"@type\":\"ImageObject\",\"inLanguage\":\"es\",\"@id\":\"https:\/\/pousadaprado.adv.br\/#\/schema\/logo\/image\/\",\"url\":\"https:\/\/pousadaprado.adv.br\/wp-content\/uploads\/2023\/09\/PPAA_logotipo-horizontal-principal.svg\",\"contentUrl\":\"https:\/\/pousadaprado.adv.br\/wp-content\/uploads\/2023\/09\/PPAA_logotipo-horizontal-principal.svg\",\"width\":348,\"height\":52,\"caption\":\"Pousada Prado\"},\"image\":{\"@id\":\"https:\/\/pousadaprado.adv.br\/#\/schema\/logo\/image\/\"},\"sameAs\":[\"https:\/\/linkedin.com\/company\/pousada-benassi-advogados-associados\/about\/\"]},{\"@type\":\"Person\",\"@id\":\"https:\/\/pousadaprado.adv.br\/#\/schema\/person\/4e8c376865e88b6c41c29af210f06d60\",\"name\":\"infra\",\"image\":{\"@type\":\"ImageObject\",\"inLanguage\":\"es\",\"@id\":\"https:\/\/pousadaprado.adv.br\/#\/schema\/person\/image\/\",\"url\":\"https:\/\/secure.gravatar.com\/avatar\/89ca1c60ae2aa52cdef616e2fe5b1702?s=96&d=mm&r=g\",\"contentUrl\":\"https:\/\/secure.gravatar.com\/avatar\/89ca1c60ae2aa52cdef616e2fe5b1702?s=96&d=mm&r=g\",\"caption\":\"infra\"},\"sameAs\":[\"https:\/\/pousadaprado.adv.br\"],\"url\":\"https:\/\/pousadaprado.adv.br\/es\/author\/infra\/\"}]}<\/script>\n<!-- \/ Yoast SEO Premium plugin. -->","yoast_head_json":{"title":"Liderando la Conexi\u00f3n Empresarial entre Galicia y Brasil - Pousada Prado","robots":{"index":"index","follow":"follow","max-snippet":"max-snippet:-1","max-image-preview":"max-image-preview:large","max-video-preview":"max-video-preview:-1"},"canonical":"https:\/\/pousadaprado.adv.br\/es\/liderando-a-conexao-empresarial-entre-galicia-e-brasil\/","og_locale":"es_ES","og_type":"article","og_title":"Liderando la Conexi\u00f3n Empresarial entre Galicia y Brasil","og_description":"S\u00e3o Paulo \u2013 En revelador di\u00e1logo con Revista Eco, Felipe Pousada Prado, presidente de la Asociaci\u00f3n de Empresarios Gallegos del Estado de S\u00e3o Paulo (Aegasp), comparti\u00f3 su perspectiva y los esfuerzos que est\u00e1n realizando para fortalecer los v\u00ednculos entre Galicia y Brasil. En esta entrevista exclusiva, celebrada en el coraz\u00f3n financiero de S\u00e3o Paulo, Pousada...","og_url":"https:\/\/pousadaprado.adv.br\/es\/liderando-a-conexao-empresarial-entre-galicia-e-brasil\/","og_site_name":"Pousada Prado","article_published_time":"2023-02-05T14:49:00+00:00","article_modified_time":"2024-08-28T13:39:58+00:00","og_image":[{"width":687,"height":501,"url":"https:\/\/pousadaprado.adv.br\/wp-content\/uploads\/2024\/03\/noticia-felipe-pousada.png","type":"image\/png"}],"author":"infra","twitter_card":"summary_large_image","twitter_misc":{"Escrito por":"infra","Tiempo de lectura":"2 minutos"},"schema":{"@context":"https:\/\/schema.org","@graph":[{"@type":"Article","@id":"https:\/\/pousadaprado.adv.br\/es\/liderando-a-conexao-empresarial-entre-galicia-e-brasil\/#article","isPartOf":{"@id":"https:\/\/pousadaprado.adv.br\/es\/liderando-a-conexao-empresarial-entre-galicia-e-brasil\/"},"author":{"name":"infra","@id":"https:\/\/pousadaprado.adv.br\/#\/schema\/person\/4e8c376865e88b6c41c29af210f06d60"},"headline":"Liderando la Conexi\u00f3n Empresarial entre Galicia y Brasil","datePublished":"2023-02-05T14:49:00+00:00","dateModified":"2024-08-28T13:39:58+00:00","mainEntityOfPage":{"@id":"https:\/\/pousadaprado.adv.br\/es\/liderando-a-conexao-empresarial-entre-galicia-e-brasil\/"},"wordCount":387,"commentCount":0,"publisher":{"@id":"https:\/\/pousadaprado.adv.br\/#organization"},"image":{"@id":"https:\/\/pousadaprado.adv.br\/es\/liderando-a-conexao-empresarial-entre-galicia-e-brasil\/#primaryimage"},"thumbnailUrl":"https:\/\/pousadaprado.adv.br\/wp-content\/uploads\/2024\/03\/noticia-felipe-pousada.png","keywords":["AEGASP","Brasil","Empres\u00e1rios","Galicia","Galicia Brasileira","Imigrante Galego"],"articleSection":["Insights","Noticias"],"inLanguage":"es","potentialAction":[{"@type":"CommentAction","name":"Comment","target":["https:\/\/pousadaprado.adv.br\/es\/liderando-a-conexao-empresarial-entre-galicia-e-brasil\/#respond"]}]},{"@type":"WebPage","@id":"https:\/\/pousadaprado.adv.br\/es\/liderando-a-conexao-empresarial-entre-galicia-e-brasil\/","url":"https:\/\/pousadaprado.adv.br\/es\/liderando-a-conexao-empresarial-entre-galicia-e-brasil\/","name":"Liderando la Conexi\u00f3n Empresarial entre Galicia y Brasil - Pousada Prado","isPartOf":{"@id":"https:\/\/pousadaprado.adv.br\/#website"},"primaryImageOfPage":{"@id":"https:\/\/pousadaprado.adv.br\/es\/liderando-a-conexao-empresarial-entre-galicia-e-brasil\/#primaryimage"},"image":{"@id":"https:\/\/pousadaprado.adv.br\/es\/liderando-a-conexao-empresarial-entre-galicia-e-brasil\/#primaryimage"},"thumbnailUrl":"https:\/\/pousadaprado.adv.br\/wp-content\/uploads\/2024\/03\/noticia-felipe-pousada.png","datePublished":"2023-02-05T14:49:00+00:00","dateModified":"2024-08-28T13:39:58+00:00","breadcrumb":{"@id":"https:\/\/pousadaprado.adv.br\/es\/liderando-a-conexao-empresarial-entre-galicia-e-brasil\/#breadcrumb"},"inLanguage":"es","potentialAction":[{"@type":"ReadAction","target":["https:\/\/pousadaprado.adv.br\/es\/liderando-a-conexao-empresarial-entre-galicia-e-brasil\/"]}]},{"@type":"ImageObject","inLanguage":"es","@id":"https:\/\/pousadaprado.adv.br\/es\/liderando-a-conexao-empresarial-entre-galicia-e-brasil\/#primaryimage","url":"https:\/\/pousadaprado.adv.br\/wp-content\/uploads\/2024\/03\/noticia-felipe-pousada.png","contentUrl":"https:\/\/pousadaprado.adv.br\/wp-content\/uploads\/2024\/03\/noticia-felipe-pousada.png","width":687,"height":501},{"@type":"BreadcrumbList","@id":"https:\/\/pousadaprado.adv.br\/es\/liderando-a-conexao-empresarial-entre-galicia-e-brasil\/#breadcrumb","itemListElement":[{"@type":"ListItem","position":1,"name":"In\u00edcio","item":"https:\/\/pousadaprado.adv.br\/"},{"@type":"ListItem","position":2,"name":"Liderando la Conexi\u00f3n Empresarial entre Galicia y Brasil"}]},{"@type":"WebSite","@id":"https:\/\/pousadaprado.adv.br\/#website","url":"https:\/\/pousadaprado.adv.br\/","name":"Pousada Prado","description":"Advogados Associados","publisher":{"@id":"https:\/\/pousadaprado.adv.br\/#organization"},"potentialAction":[{"@type":"SearchAction","target":{"@type":"EntryPoint","urlTemplate":"https:\/\/pousadaprado.adv.br\/?s={search_term_string}"},"query-input":"required name=search_term_string"}],"inLanguage":"es"},{"@type":"Organization","@id":"https:\/\/pousadaprado.adv.br\/#organization","name":"Pousada Prado","url":"https:\/\/pousadaprado.adv.br\/","logo":{"@type":"ImageObject","inLanguage":"es","@id":"https:\/\/pousadaprado.adv.br\/#\/schema\/logo\/image\/","url":"https:\/\/pousadaprado.adv.br\/wp-content\/uploads\/2023\/09\/PPAA_logotipo-horizontal-principal.svg","contentUrl":"https:\/\/pousadaprado.adv.br\/wp-content\/uploads\/2023\/09\/PPAA_logotipo-horizontal-principal.svg","width":348,"height":52,"caption":"Pousada Prado"},"image":{"@id":"https:\/\/pousadaprado.adv.br\/#\/schema\/logo\/image\/"},"sameAs":["https:\/\/linkedin.com\/company\/pousada-benassi-advogados-associados\/about\/"]},{"@type":"Person","@id":"https:\/\/pousadaprado.adv.br\/#\/schema\/person\/4e8c376865e88b6c41c29af210f06d60","name":"infra","image":{"@type":"ImageObject","inLanguage":"es","@id":"https:\/\/pousadaprado.adv.br\/#\/schema\/person\/image\/","url":"https:\/\/secure.gravatar.com\/avatar\/89ca1c60ae2aa52cdef616e2fe5b1702?s=96&d=mm&r=g","contentUrl":"https:\/\/secure.gravatar.com\/avatar\/89ca1c60ae2aa52cdef616e2fe5b1702?s=96&d=mm&r=g","caption":"infra"},"sameAs":["https:\/\/pousadaprado.adv.br"],"url":"https:\/\/pousadaprado.adv.br\/es\/author\/infra\/"}]}},"_links":{"self":[{"href":"https:\/\/pousadaprado.adv.br\/es\/wp-json\/wp\/v2\/posts\/989876"}],"collection":[{"href":"https:\/\/pousadaprado.adv.br\/es\/wp-json\/wp\/v2\/posts"}],"about":[{"href":"https:\/\/pousadaprado.adv.br\/es\/wp-json\/wp\/v2\/types\/post"}],"author":[{"embeddable":true,"href":"https:\/\/pousadaprado.adv.br\/es\/wp-json\/wp\/v2\/users\/1"}],"replies":[{"embeddable":true,"href":"https:\/\/pousadaprado.adv.br\/es\/wp-json\/wp\/v2\/comments?post=989876"}],"version-history":[{"count":6,"href":"https:\/\/pousadaprado.adv.br\/es\/wp-json\/wp\/v2\/posts\/989876\/revisions"}],"predecessor-version":[{"id":989921,"href":"https:\/\/pousadaprado.adv.br\/es\/wp-json\/wp\/v2\/posts\/989876\/revisions\/989921"}],"wp:featuredmedia":[{"embeddable":true,"href":"https:\/\/pousadaprado.adv.br\/es\/wp-json\/wp\/v2\/media\/989517"}],"wp:attachment":[{"href":"https:\/\/pousadaprado.adv.br\/es\/wp-json\/wp\/v2\/media?parent=989876"}],"wp:term":[{"taxonomy":"category","embeddable":true,"href":"https:\/\/pousadaprado.adv.br\/es\/wp-json\/wp\/v2\/categories?post=989876"},{"taxonomy":"post_tag","embeddable":true,"href":"https:\/\/pousadaprado.adv.br\/es\/wp-json\/wp\/v2\/tags?post=989876"}],"curies":[{"name":"wp","href":"https:\/\/api.w.org\/{rel}","templated":true}]}}